{"id":139,"date":"2013-02-01T09:04:02","date_gmt":"2013-02-01T09:04:02","guid":{"rendered":"http:\/\/iscletec.com\/blog\/?p=139"},"modified":"2013-07-15T09:17:38","modified_gmt":"2013-07-15T09:17:38","slug":"iscletec-aconseja-en-sus-ventanas-el-kit-de-mantenimiento-sikkens-2","status":"publish","type":"post","link":"https:\/\/www.iscletec.com\/blog\/es\/iscletec-aconseja-en-sus-ventanas-el-kit-de-mantenimiento-sikkens-2\/","title":{"rendered":"Iscletec aconseja en sus ventanas el Kit de mantenimiento Sikkens"},"content":{"rendered":"<p><\/p>\n<p style=\"text-align: center;\"><a href=\"https:\/\/iscletec.com\/blog\/wp-content\/uploads\/2013\/02\/cuidado-ventanas-de-madera61.jpg\"><img loading=\"lazy\" decoding=\"async\" class=\"aligncenter  wp-image-146\" title=\"kit mantenimiento Sikkens\" src=\"https:\/\/iscletec.com\/blog\/wp-content\/uploads\/2013\/02\/cuidado-ventanas-de-madera61.jpg\" alt=\"\" width=\"646\" height=\"352\" \/><\/a><\/p>\n<p>Al igual que tu piel, pero solamente dos veces al a\u00f1o,<br \/>\nla madera, como elemento natural, necesita un m\u00ednimo de mantenimiento durante el a\u00f1o, con el tratamiento Sikkens (Detergente + Hidratante), garantizar\u00e1s que la madera exterior de las ventanas est\u00e9n protegidas y alargar\u00e1s la vida del barniz aplicado un m\u00ednimo de 2 a\u00f1os m\u00e1s.<\/p>\n<p>El kit de Mantenimiento Sikkens es sencillo y f\u00e1cil de utilizar, no necesita tratamientos previos, m\u00e1scaras u otros elementos de protecci\u00f3n, y su aplicaci\u00f3n es r\u00e1pida con un resultado inmediato, siga los 3 puntos siguientes, y real\u00edcelo dos veces al a\u00f1o.<\/p>\n<p><a href=\"https:\/\/iscletec.com\/blog\/wp-content\/uploads\/2013\/02\/cuidado-ventanas-de-madera5.jpg\"><img loading=\"lazy\" decoding=\"async\" class=\"aligncenter size-full wp-image-149\" title=\"cuidado-ventanas-de-madera\" src=\"https:\/\/iscletec.com\/blog\/wp-content\/uploads\/2013\/02\/cuidado-ventanas-de-madera5.jpg\" alt=\"\" width=\"646\" height=\"163\" \/><\/a><\/p>\n<p><a href=\"https:\/\/iscletec.com\/blog\/wp-content\/uploads\/2013\/02\/cuidado-ventanas-de-madera1.jpg\"><img loading=\"lazy\" decoding=\"async\" class=\"alignleft size-full wp-image-123\" title=\"cuidado-ventanas-de-madera1\" src=\"https:\/\/iscletec.com\/blog\/wp-content\/uploads\/2013\/02\/cuidado-ventanas-de-madera1.jpg\" alt=\"\" width=\"164\" height=\"148\" \/><\/a><\/p>\n<p><strong>1 Limpie la superficie<\/strong><br \/>\nLimpie la superficie de la madera exterior que va a aplicar el tratamiento con un pa\u00f1o h\u00famedo.<\/p>\n<p><a href=\"https:\/\/iscletec.com\/blog\/wp-content\/uploads\/2013\/02\/cuidado-ventanas-de-madera2.jpg\"><img loading=\"lazy\" decoding=\"async\" class=\"alignleft size-full wp-image-124\" title=\"cuidado-ventanas-de-madera2\" src=\"https:\/\/iscletec.com\/blog\/wp-content\/uploads\/2013\/02\/cuidado-ventanas-de-madera2.jpg\" alt=\"\" width=\"164\" height=\"148\" \/><\/a><\/p>\n<p><strong>2 Aplique el Detergente<\/strong><br \/>\nDiluya el Detergente Sikkens con un poco de agua (aproximadamente un 10% de agua) y aplique el detergente diluido sobre la madera de forma suave y uniforme con un pa\u00f1o empapado.<\/p>\n<p>Nota: El Detergente Sikkens no es apto para superficies enceradas aceitosas o porosas, en superficies delicadas se aconseja realizar una prueba preliminar.<\/p>\n<p><a href=\"https:\/\/iscletec.com\/blog\/wp-content\/uploads\/2013\/02\/cuidado-ventanas-de-madera3.jpg\"><img loading=\"lazy\" decoding=\"async\" class=\"alignleft size-full wp-image-125\" title=\"cuidado-ventanas-de-madera3\" src=\"https:\/\/iscletec.com\/blog\/wp-content\/uploads\/2013\/02\/cuidado-ventanas-de-madera3.jpg\" alt=\"\" width=\"164\" height=\"148\" \/><\/a><\/p>\n<p><strong>3 Aplique el Gel Hidratante <\/strong><br \/>\nUna vez aplicado el detergente, coja la esponja compactada Sikkens y humed\u00e9zcala con agua hasta que adquiera su forma natural, aplique el Gel Hidratante Sikkens sobre la esponja, y apl\u00edquela sobre la madera seca de forma suave y uniforme.<\/p>\n<p>Nota: Se aconseja que la temperatura exterior sea de entre 15 a 25\u00ba, no aplicar en horas punta de sol.<\/p>\n<p style=\"text-align: left;\">Ver\u00e1 que en 15 minutos despu\u00e9s del tratamiento, la madera ha quedado como el primer d\u00eda: Limpia, brillante e hidratada, con s\u00f3lo 3 pasos sencillos y r\u00e1pidos, garantizas la vida de la madera contra los elementos atmosf\u00e9ricos.<\/p>\n<p><\/p>","protected":false},"excerpt":{"rendered":"<p>Al igual que tu piel, pero solamente dos veces al a\u00f1o, la madera, como elemento natural, necesita un m\u00ednimo de mantenimiento durante el a\u00f1o, con el tratamiento Sikkens (Detergente + Hidratante), garantizar\u00e1s que la madera exterior de las ventanas est\u00e9n protegidas y alargar\u00e1s la vida del barniz aplicado un m\u00ednimo de 2 a\u00f1os m\u00e1s. El [&hellip;]<\/p>\n","protected":false},"author":1,"featured_media":0,"comment_status":"open","ping_status":"open","sticky":false,"template":"","format":"standard","meta":{"_acf_changed":false,"footnotes":""},"categories":[],"tags":[],"class_list":["post-139","post","type-post","status-publish","format-standard","hentry"],"acf":[],"_links":{"self":[{"href":"https:\/\/www.iscletec.com\/blog\/es\/wp-json\/wp\/v2\/posts\/139","targetHints":{"allow":["GET"]}}],"collection":[{"href":"https:\/\/www.iscletec.com\/blog\/es\/wp-json\/wp\/v2\/posts"}],"about":[{"href":"https:\/\/www.iscletec.com\/blog\/es\/wp-json\/wp\/v2\/types\/post"}],"author":[{"embeddable":true,"href":"https:\/\/www.iscletec.com\/blog\/es\/wp-json\/wp\/v2\/users\/1"}],"replies":[{"embeddable":true,"href":"https:\/\/www.iscletec.com\/blog\/es\/wp-json\/wp\/v2\/comments?post=139"}],"version-history":[{"count":13,"href":"https:\/\/www.iscletec.com\/blog\/es\/wp-json\/wp\/v2\/posts\/139\/revisions"}],"predecessor-version":[{"id":210,"href":"https:\/\/www.iscletec.com\/blog\/es\/wp-json\/wp\/v2\/posts\/139\/revisions\/210"}],"wp:attachment":[{"href":"https:\/\/www.iscletec.com\/blog\/es\/wp-json\/wp\/v2\/media?parent=139"}],"wp:term":[{"taxonomy":"category","embeddable":true,"href":"https:\/\/www.iscletec.com\/blog\/es\/wp-json\/wp\/v2\/categories?post=139"},{"taxonomy":"post_tag","embeddable":true,"href":"https:\/\/www.iscletec.com\/blog\/es\/wp-json\/wp\/v2\/tags?post=139"}],"curies":[{"name":"wp","href":"https:\/\/api.w.org\/{rel}","templated":true}]}}