{"id":1722,"date":"2019-03-06T12:27:42","date_gmt":"2019-03-06T11:27:42","guid":{"rendered":"https:\/\/iscletec.com\/blog\/?p=1722"},"modified":"2019-03-08T09:14:56","modified_gmt":"2019-03-08T08:14:56","slug":"iscletec-al-solar-decathlon-europe-2019","status":"publish","type":"post","link":"https:\/\/www.iscletec.com\/blog\/es\/iscletec-al-solar-decathlon-europe-2019\/","title":{"rendered":"ISCLETEC EN EL SOLAR DECATHLON EUROPE 2019"},"content":{"rendered":"<p><img loading=\"lazy\" decoding=\"async\" src=\"https:\/\/www.iscletec.com\/\/blog\/wp-content\/uploads\/2019\/03\/MARZO_ISCLETEC_SOLAR_esp.jpg\" alt=\"\" width=\"1283\" height=\"714\" class=\"alignnone size-full wp-image-1724\" srcset=\"https:\/\/www.iscletec.com\/blog\/wp-content\/uploads\/2019\/03\/MARZO_ISCLETEC_SOLAR_esp.jpg 1283w, https:\/\/www.iscletec.com\/blog\/wp-content\/uploads\/2019\/03\/MARZO_ISCLETEC_SOLAR_esp-300x167.jpg 300w, https:\/\/www.iscletec.com\/blog\/wp-content\/uploads\/2019\/03\/MARZO_ISCLETEC_SOLAR_esp-768x427.jpg 768w, https:\/\/www.iscletec.com\/blog\/wp-content\/uploads\/2019\/03\/MARZO_ISCLETEC_SOLAR_esp-1024x570.jpg 1024w\" sizes=\"auto, (max-width: 1283px) 100vw, 1283px\" \/><br \/>\n<strong>ISCLETEC PARTICIPA DE NUEVO,<br \/>\nEN EL M\u00c1XIMO EXPONENTE DE LA CONSTRUCCI\u00d3N SOSTENIBLE DEL MA\u00d1ANA.<\/strong><br \/>\nIscletec ha firmado de nuevo el acuerdo de colaborador con la Universidad Polit\u00e9cnica Catalunya,<br \/>\npara dise\u00f1ar y fabricar los cerramientos de la innovadora vivienda, con ventanas de madera <a href=\"https:\/\/www.iscletec.com\/\/ventanas-de-madera-78.php?i=1\" rel=\"noopener\" target=\"_blank\">ISCLETEC78<\/a>.<br \/>\nEl nuevo proyecto se presentar\u00e1 en el <a href=\"https:\/\/solardecathlon.eu\" rel=\"noopener\" target=\"_blank\">SOLAR DECATHLON EUROPE 2019<\/a>, que tendr\u00e1 lugar en la ciudad de Szentendre, cerca de la capital de Budapest, en Hungr\u00eda.<br \/>\nAdem\u00e1s, las ventanas de madera <a href=\"https:\/\/www.iscletec.com\/\/ventanas-de-madera-78.php?i=1\" rel=\"noopener\" target=\"_blank\">ISCLETEC78<\/a> incorporar\u00e1n la \u00faltima novedad de la firma, <a href=\"https:\/\/www.iscletec.com\/\/texturas.php?i=1\" rel=\"noopener\" target=\"_blank\">con textura interior ALMA<\/a>, con un minucioso acabado en erosi\u00f3n.<br \/>\nEl proyecto nace de la misma ilusi\u00f3n, esfuerzo y compromiso de un grupo de estudiantes de la UPC y de la ETSAV,<br \/>\nacordando de nuevo con Iscletec, la responsabilidad de la fabricaci\u00f3n de las ventanas de madera para esta nueva edici\u00f3n.<br \/>\nEn la anterior edici\u00f3n se present\u00f3 RESS\u00d2, \u201cun original espacio que invitaba a vivir y compartir la vida de una manera sana, colectiva y con una firme vocaci\u00f3n de proteger el medio ambiente, aprovechando y optimizando los recursos que generamos\u201d.<br \/>\n<a href=\"https:\/\/www.iscletec.com\/\/resso-iscletec.php?i=1\" rel=\"noopener\" target=\"_blank\">RESS\u00d2<\/a> obtuvo el 1\u00ba Premio en Arquitectura, 1\u00ba Premio en Innovaci\u00f3n, 1\u00ba Premio EuroSolar y 3\u00ba Premio de Urbanismo en Versalles entre otros.<br \/>\nEl proyecto est\u00e1 ubicado en el espacio p\u00fablico del barrio de Sant Mu\u00e7 de Rub\u00ed (Barcelona) para dar servicio y ejemplo de sostenibilidad y eficiencia energ\u00e9tica a todos los ciudadanos.<br \/>\n<strong>Iscletec<\/strong> fiel a su esp\u00edritu y compromiso con el medio ambiente y la construcci\u00f3n sostenible y eficiente, se suma de nuevo a este exclusivo y vanguardista proyecto que dibuja las que estamos convencidos ser\u00e1n las viviendas del ma\u00f1ana.<br \/>\n <\/p>","protected":false},"excerpt":{"rendered":"<p>ISCLETEC PARTICIPA DE NUEVO, EN EL M\u00c1XIMO EXPONENTE DE LA CONSTRUCCI\u00d3N SOSTENIBLE DEL MA\u00d1ANA. Iscletec ha firmado de nuevo el acuerdo de colaborador con la Universidad Polit\u00e9cnica Catalunya, para dise\u00f1ar y fabricar los cerramientos de la innovadora vivienda, con ventanas de madera ISCLETEC78. El nuevo proyecto se presentar\u00e1 en el SOLAR DECATHLON EUROPE 2019, que [&hellip;]<\/p>\n","protected":false},"author":1,"featured_media":0,"comment_status":"open","ping_status":"open","sticky":false,"template":"","format":"standard","meta":{"_acf_changed":false,"footnotes":""},"categories":[108,61,98],"tags":[],"class_list":["post-1722","post","type-post","status-publish","format-standard","hentry","category-formatos","category-madera","category-reconocimientos"],"acf":[],"_links":{"self":[{"href":"https:\/\/www.iscletec.com\/blog\/es\/wp-json\/wp\/v2\/posts\/1722","targetHints":{"allow":["GET"]}}],"collection":[{"href":"https:\/\/www.iscletec.com\/blog\/es\/wp-json\/wp\/v2\/posts"}],"about":[{"href":"https:\/\/www.iscletec.com\/blog\/es\/wp-json\/wp\/v2\/types\/post"}],"author":[{"embeddable":true,"href":"https:\/\/www.iscletec.com\/blog\/es\/wp-json\/wp\/v2\/users\/1"}],"replies":[{"embeddable":true,"href":"https:\/\/www.iscletec.com\/blog\/es\/wp-json\/wp\/v2\/comments?post=1722"}],"version-history":[{"count":3,"href":"https:\/\/www.iscletec.com\/blog\/es\/wp-json\/wp\/v2\/posts\/1722\/revisions"}],"predecessor-version":[{"id":1735,"href":"https:\/\/www.iscletec.com\/blog\/es\/wp-json\/wp\/v2\/posts\/1722\/revisions\/1735"}],"wp:attachment":[{"href":"https:\/\/www.iscletec.com\/blog\/es\/wp-json\/wp\/v2\/media?parent=1722"}],"wp:term":[{"taxonomy":"category","embeddable":true,"href":"https:\/\/www.iscletec.com\/blog\/es\/wp-json\/wp\/v2\/categories?post=1722"},{"taxonomy":"post_tag","embeddable":true,"href":"https:\/\/www.iscletec.com\/blog\/es\/wp-json\/wp\/v2\/tags?post=1722"}],"curies":[{"name":"wp","href":"https:\/\/api.w.org\/{rel}","templated":true}]}}