{"id":1771,"date":"2019-05-03T13:01:30","date_gmt":"2019-05-03T12:01:30","guid":{"rendered":"https:\/\/iscletec.com\/blog\/?p=1771"},"modified":"2019-05-03T13:01:30","modified_gmt":"2019-05-03T12:01:30","slug":"el-projecte-to-creat-juntament-amb-iscletec","status":"publish","type":"post","link":"https:\/\/www.iscletec.com\/blog\/es\/el-projecte-to-creat-juntament-amb-iscletec\/","title":{"rendered":"El proyecto \u201cTO\u201d creado junto a Iscletec"},"content":{"rendered":"<p><img loading=\"lazy\" decoding=\"async\" class=\"alignnone size-full wp-image-1772\" src=\"https:\/\/www.iscletec.com\/\/blog\/wp-content\/uploads\/2019\/05\/solar-decathlon-proyecto-to.jpg\" alt=\"\" width=\"1281\" height=\"721\" srcset=\"https:\/\/www.iscletec.com\/blog\/wp-content\/uploads\/2019\/05\/solar-decathlon-proyecto-to.jpg 1281w, https:\/\/www.iscletec.com\/blog\/wp-content\/uploads\/2019\/05\/solar-decathlon-proyecto-to-300x169.jpg 300w, https:\/\/www.iscletec.com\/blog\/wp-content\/uploads\/2019\/05\/solar-decathlon-proyecto-to-768x432.jpg 768w, https:\/\/www.iscletec.com\/blog\/wp-content\/uploads\/2019\/05\/solar-decathlon-proyecto-to-1024x576.jpg 1024w\" sizes=\"auto, (max-width: 1281px) 100vw, 1281px\" \/><\/p>\n<p><strong><em>\u00a0Como hemos ido avanzando, Iscletec participa un a\u00f1o m\u00e1s en el m\u00e1ximo exponente de la construcci\u00f3n sostenible del ma\u00f1ana en un acuerdo con la \u00a0Universidad Polit\u00e9cnica Catalunya.<\/em><\/strong> Para ello, est\u00e1 fabricando cerramientos para una nueva vivienda con ventanas Iscletec78 y texturas ALMA, que se presentar\u00e1 en el <strong>SOLAR DECATHLON EUROPE 2019<\/strong> en Hungr\u00eda.<\/p>\n<p>El proyecto \u201cTO\u201d sigue avanzando con la misma ilusi\u00f3n, esfuerzo y compromiso de sus creadores: un grupo de estudiantes de la UPC y de la ETSAV. Os ponemos al d\u00eda de sus \u00faltimos avances:<\/p>\n<p><strong>Mesa redonda en el Roca Barcelona Gallery<\/strong><\/p>\n<p>El pasado 13 de marzo, TO particip\u00f3 en la mesa redonda \u00abRevoluci\u00f3n en la construcci\u00f3n: en sinton\u00eda con la naturaleza\u00bb organizada por Roca Barcelona Gallery en el marco de la exposici\u00f3n \u00abRascacielos de Madera\u00bb. Una gran oportunidad para compartir conocimientos en el campo de la construcci\u00f3n en madera y para dar a conocer el proyecto en un espacio muy innovador.<\/p>\n<p><strong>Nuevo taller<\/strong><\/p>\n<p>Desde su nuevo taller, en el que se instalaron el pasado 25 de marzo, han ido trabajando con el nuevo prototipo TO, del que ya han empezado a fabricar los muros de entramado ligero, los muros inteligentes con un alto nivel de aislamiento y el montaje de las vigas de forjado.<\/p>\n<p><strong>Os seguiremos informando de los avances de este proyecto.\u00a0<\/strong><\/p>","protected":false},"excerpt":{"rendered":"<p>\u00a0Como hemos ido avanzando, Iscletec participa un a\u00f1o m\u00e1s en el m\u00e1ximo exponente de la construcci\u00f3n sostenible del ma\u00f1ana en un acuerdo con la \u00a0Universidad Polit\u00e9cnica Catalunya. Para ello, est\u00e1 fabricando cerramientos para una nueva vivienda con ventanas Iscletec78 y texturas ALMA, que se presentar\u00e1 en el SOLAR DECATHLON EUROPE 2019 en Hungr\u00eda. El proyecto [&hellip;]<\/p>\n","protected":false},"author":1,"featured_media":0,"comment_status":"open","ping_status":"open","sticky":false,"template":"","format":"standard","meta":{"_acf_changed":false,"footnotes":""},"categories":[4],"tags":[],"class_list":["post-1771","post","type-post","status-publish","format-standard","hentry","category-proyectos"],"acf":[],"_links":{"self":[{"href":"https:\/\/www.iscletec.com\/blog\/es\/wp-json\/wp\/v2\/posts\/1771","targetHints":{"allow":["GET"]}}],"collection":[{"href":"https:\/\/www.iscletec.com\/blog\/es\/wp-json\/wp\/v2\/posts"}],"about":[{"href":"https:\/\/www.iscletec.com\/blog\/es\/wp-json\/wp\/v2\/types\/post"}],"author":[{"embeddable":true,"href":"https:\/\/www.iscletec.com\/blog\/es\/wp-json\/wp\/v2\/users\/1"}],"replies":[{"embeddable":true,"href":"https:\/\/www.iscletec.com\/blog\/es\/wp-json\/wp\/v2\/comments?post=1771"}],"version-history":[{"count":1,"href":"https:\/\/www.iscletec.com\/blog\/es\/wp-json\/wp\/v2\/posts\/1771\/revisions"}],"predecessor-version":[{"id":1773,"href":"https:\/\/www.iscletec.com\/blog\/es\/wp-json\/wp\/v2\/posts\/1771\/revisions\/1773"}],"wp:attachment":[{"href":"https:\/\/www.iscletec.com\/blog\/es\/wp-json\/wp\/v2\/media?parent=1771"}],"wp:term":[{"taxonomy":"category","embeddable":true,"href":"https:\/\/www.iscletec.com\/blog\/es\/wp-json\/wp\/v2\/categories?post=1771"},{"taxonomy":"post_tag","embeddable":true,"href":"https:\/\/www.iscletec.com\/blog\/es\/wp-json\/wp\/v2\/tags?post=1771"}],"curies":[{"name":"wp","href":"https:\/\/api.w.org\/{rel}","templated":true}]}}