{"id":1896,"date":"2019-10-28T11:20:38","date_gmt":"2019-10-28T10:20:38","guid":{"rendered":"https:\/\/iscletec.com\/blog\/?p=1896"},"modified":"2019-10-28T11:43:34","modified_gmt":"2019-10-28T10:43:34","slug":"iscletec-vestimos-barcelona","status":"publish","type":"post","link":"https:\/\/www.iscletec.com\/blog\/es\/iscletec-vestimos-barcelona\/","title":{"rendered":"#VestimosBarcelona: Iscletec78"},"content":{"rendered":"<p><img loading=\"lazy\" decoding=\"async\" class=\"alignnone size-full wp-image-1897\" src=\"https:\/\/www.iscletec.com\/\/blog\/wp-content\/uploads\/2019\/10\/vestimosbcnweb.jpg\" alt=\"iscletec-vestimos-barcelona\" width=\"1280\" height=\"720\" srcset=\"https:\/\/www.iscletec.com\/blog\/wp-content\/uploads\/2019\/10\/vestimosbcnweb.jpg 1280w, https:\/\/www.iscletec.com\/blog\/wp-content\/uploads\/2019\/10\/vestimosbcnweb-300x169.jpg 300w, https:\/\/www.iscletec.com\/blog\/wp-content\/uploads\/2019\/10\/vestimosbcnweb-768x432.jpg 768w, https:\/\/www.iscletec.com\/blog\/wp-content\/uploads\/2019\/10\/vestimosbcnweb-1024x576.jpg 1024w\" sizes=\"auto, (max-width: 1280px) 100vw, 1280px\" \/><\/p>\n<p>En Iscletec seguimos con nuestra campa\u00f1a <strong>#VestimosBarcelona<\/strong>, donde nos centramos en conseguir el m\u00e1ximo aislamiento, como principal objetivo.<\/p>\n<p>Cada vez m\u00e1s clientes son los que conf\u00edan en la calidad de Iscletec para vestir sus viviendas en la ciudad, como por ejemplo en el Eixample, Sarri\u00e0-Sant Gervasi o Gracia. Todas ellas re\u00fanen unas mismas caracter\u00edsticas: desean minimizar el ruido, manteniendo las caracter\u00edsticas naturales de la ventana.<\/p>\n<p><a href=\"https:\/\/www.iscletec.com\/ventanas-madera-iscletec-78\/es\">Iscletec78<\/a> tiene una capacidad de 78mm de grosor, lo que implica que podemos colocar cristales de triple vidrio desde 34 a 40mm de grosor. Eso se traslada en una mayor protecci\u00f3n y aislamiento tanto t\u00e9rmico como ac\u00fastico. Es el modelo estrella de nuestra campa\u00f1a <strong>#VestimosBarcelona<\/strong>.<\/p>\n<p><strong>Conoce nuestros \u00faltimos proyectos #VestimosBarcelona\u00a0<\/strong><\/p>\n<p><a href=\"https:\/\/www.iscletec.com\/proyectos\/casa-poblenou\/es\">Natural y luminoso <\/a><\/p>\n<p><a href=\"https:\/\/www.iscletec.com\/proyectos\/vestimos-barcelona-eixample\/es\">100% Eixample <\/a><\/p>\n<p><a href=\"https:\/\/www.iscletec.com\/proyectos\/casa-modernista-barcelona\/es\">Casa Modernista<\/a><\/p>\n<p><a href=\"https:\/\/www.iscletec.com\/proyectos\/vestimos-barcelona-casa-caspe\/es\">Casa Caspe <\/a><\/p>","protected":false},"excerpt":{"rendered":"<p>En Iscletec seguimos con nuestra campa\u00f1a #VestimosBarcelona, donde nos centramos en conseguir el m\u00e1ximo aislamiento, como principal objetivo. Cada vez m\u00e1s clientes son los que conf\u00edan en la calidad de Iscletec para vestir sus viviendas en la ciudad, como por ejemplo en el Eixample, Sarri\u00e0-Sant Gervasi o Gracia. Todas ellas re\u00fanen unas mismas caracter\u00edsticas: desean [&hellip;]<\/p>\n","protected":false},"author":1,"featured_media":0,"comment_status":"open","ping_status":"open","sticky":false,"template":"","format":"standard","meta":{"_acf_changed":false,"footnotes":""},"categories":[3],"tags":[],"class_list":["post-1896","post","type-post","status-publish","format-standard","hentry","category-vestimosbarcelona"],"acf":[],"_links":{"self":[{"href":"https:\/\/www.iscletec.com\/blog\/es\/wp-json\/wp\/v2\/posts\/1896","targetHints":{"allow":["GET"]}}],"collection":[{"href":"https:\/\/www.iscletec.com\/blog\/es\/wp-json\/wp\/v2\/posts"}],"about":[{"href":"https:\/\/www.iscletec.com\/blog\/es\/wp-json\/wp\/v2\/types\/post"}],"author":[{"embeddable":true,"href":"https:\/\/www.iscletec.com\/blog\/es\/wp-json\/wp\/v2\/users\/1"}],"replies":[{"embeddable":true,"href":"https:\/\/www.iscletec.com\/blog\/es\/wp-json\/wp\/v2\/comments?post=1896"}],"version-history":[{"count":7,"href":"https:\/\/www.iscletec.com\/blog\/es\/wp-json\/wp\/v2\/posts\/1896\/revisions"}],"predecessor-version":[{"id":1904,"href":"https:\/\/www.iscletec.com\/blog\/es\/wp-json\/wp\/v2\/posts\/1896\/revisions\/1904"}],"wp:attachment":[{"href":"https:\/\/www.iscletec.com\/blog\/es\/wp-json\/wp\/v2\/media?parent=1896"}],"wp:term":[{"taxonomy":"category","embeddable":true,"href":"https:\/\/www.iscletec.com\/blog\/es\/wp-json\/wp\/v2\/categories?post=1896"},{"taxonomy":"post_tag","embeddable":true,"href":"https:\/\/www.iscletec.com\/blog\/es\/wp-json\/wp\/v2\/tags?post=1896"}],"curies":[{"name":"wp","href":"https:\/\/api.w.org\/{rel}","templated":true}]}}