{"id":2551,"date":"2021-09-20T16:05:51","date_gmt":"2021-09-20T15:05:51","guid":{"rendered":"https:\/\/iscletec.com\/blog\/?p=2551"},"modified":"2021-09-20T16:22:13","modified_gmt":"2021-09-20T15:22:13","slug":"vestimosbarcelona-sin-ruido","status":"publish","type":"post","link":"https:\/\/www.iscletec.com\/blog\/es\/vestimosbarcelona-sin-ruido\/","title":{"rendered":"#vestimosBarcelona Sin RUIDO"},"content":{"rendered":"<p>Iscletec trabaja cada d\u00eda en dise\u00f1ar y fabricar ventanas y balconeras de madera,<br \/>\nSostenibles y Eficientes, que visten nuestras ciudades y pueblos.<br \/>\n1. Ventanas fabricadas en madera natural que aportan el m\u00e1ximo bienestar y salud a las personas.<br \/>\n2. Ventanas que incorporan vidrios t\u00e9cnicos de altas prestaciones para un total aislamiento ac\u00fastico y aislamiento t\u00e9rmico.<br \/>\n3. Ventanas dise\u00f1adas, siguiendo el estilo original de nuestras ciudades, fiel a nuestro legado cultural y arquitect\u00f3nico.<br \/>\n4. Ventanas de madera que hoy y siempre, respetan el medioambiente.<br \/>\n5. Ventanas que definen nuestro compromiso, y el tuyo.<\/p>\n<p>&nbsp;<\/p>\n<p><strong>Juntos movemos un mundo mejor<\/strong><br \/>\nS\u00famate al d\u00eda de la Movilidad Sostenible, 22\/9 el d\u00eda SIN Coches,<br \/>\nM\u00e1s de 2.900 ciudades se han unido con actividades e iniciativas<\/p>\n<h2><strong><a href=\"https:\/\/mobilityweek.eu\/home\/\" target=\"_blank\" rel=\"noopener\">REG\u00cdSTRATE YA<\/a><\/strong><\/h2>\n<p><a href=\"https:\/\/mobilityweek.eu\/home\/\" rel=\"noopener\" target=\"_blank\"><img loading=\"lazy\" decoding=\"async\" class=\"alignleft wp-image-2559\" src=\"https:\/\/www.iscletec.com\/\/blog\/wp-content\/uploads\/2021\/09\/E0oFF4RWQAElgdY-1024x512.jpg\" alt=\"\" width=\"500\" height=\"250\" srcset=\"https:\/\/www.iscletec.com\/blog\/wp-content\/uploads\/2021\/09\/E0oFF4RWQAElgdY-1024x512.jpg 1024w, https:\/\/www.iscletec.com\/blog\/wp-content\/uploads\/2021\/09\/E0oFF4RWQAElgdY-300x150.jpg 300w, https:\/\/www.iscletec.com\/blog\/wp-content\/uploads\/2021\/09\/E0oFF4RWQAElgdY-768x384.jpg 768w\" sizes=\"auto, (max-width: 500px) 100vw, 500px\" \/><\/a><br \/>\n&nbsp;<br \/>\n&nbsp;<br \/>\n&nbsp;<br \/>\n&nbsp;&nbsp;<br \/>\n&nbsp;&nbsp;<br \/>\n&nbsp;<br \/>\n&nbsp;<br \/>\n<\/p>","protected":false},"excerpt":{"rendered":"<p>Iscletec trabaja cada d\u00eda en dise\u00f1ar y fabricar ventanas y balconeras de madera, Sostenibles y Eficientes, que visten nuestras ciudades y pueblos. 1. Ventanas fabricadas en madera natural que aportan el m\u00e1ximo bienestar y salud a las personas. 2. Ventanas que incorporan vidrios t\u00e9cnicos de altas prestaciones para un total aislamiento ac\u00fastico y aislamiento t\u00e9rmico. [&hellip;]<\/p>\n","protected":false},"author":1,"featured_media":2577,"comment_status":"open","ping_status":"open","sticky":false,"template":"","format":"standard","meta":{"_acf_changed":false,"footnotes":""},"categories":[3,21,89],"tags":[],"class_list":["post-2551","post","type-post","status-publish","format-standard","has-post-thumbnail","hentry","category-vestimosbarcelona","category-eficiencia","category-valores"],"acf":[],"_links":{"self":[{"href":"https:\/\/www.iscletec.com\/blog\/es\/wp-json\/wp\/v2\/posts\/2551","targetHints":{"allow":["GET"]}}],"collection":[{"href":"https:\/\/www.iscletec.com\/blog\/es\/wp-json\/wp\/v2\/posts"}],"about":[{"href":"https:\/\/www.iscletec.com\/blog\/es\/wp-json\/wp\/v2\/types\/post"}],"author":[{"embeddable":true,"href":"https:\/\/www.iscletec.com\/blog\/es\/wp-json\/wp\/v2\/users\/1"}],"replies":[{"embeddable":true,"href":"https:\/\/www.iscletec.com\/blog\/es\/wp-json\/wp\/v2\/comments?post=2551"}],"version-history":[{"count":23,"href":"https:\/\/www.iscletec.com\/blog\/es\/wp-json\/wp\/v2\/posts\/2551\/revisions"}],"predecessor-version":[{"id":2575,"href":"https:\/\/www.iscletec.com\/blog\/es\/wp-json\/wp\/v2\/posts\/2551\/revisions\/2575"}],"wp:featuredmedia":[{"embeddable":true,"href":"https:\/\/www.iscletec.com\/blog\/es\/wp-json\/wp\/v2\/media\/2577"}],"wp:attachment":[{"href":"https:\/\/www.iscletec.com\/blog\/es\/wp-json\/wp\/v2\/media?parent=2551"}],"wp:term":[{"taxonomy":"category","embeddable":true,"href":"https:\/\/www.iscletec.com\/blog\/es\/wp-json\/wp\/v2\/categories?post=2551"},{"taxonomy":"post_tag","embeddable":true,"href":"https:\/\/www.iscletec.com\/blog\/es\/wp-json\/wp\/v2\/tags?post=2551"}],"curies":[{"name":"wp","href":"https:\/\/api.w.org\/{rel}","templated":true}]}}