{"id":2756,"date":"2022-06-02T14:13:04","date_gmt":"2022-06-02T13:13:04","guid":{"rendered":"https:\/\/iscletec.com\/blog\/?p=2756"},"modified":"2022-06-02T14:15:46","modified_gmt":"2022-06-02T13:15:46","slug":"espanol-la-casa-de-la-musica-nuevo-proyecto","status":"publish","type":"post","link":"https:\/\/www.iscletec.com\/blog\/es\/espanol-la-casa-de-la-musica-nuevo-proyecto\/","title":{"rendered":"La casa de la m\u00fasica, nuevo proyecto"},"content":{"rendered":"<p><\/p>\n<h2>100% SOSTENIBLE Y EFICIENTE<\/h2>\n<p>Presentamos este proyecto, al que hemos llamado \u201c<a href=\"https:\/\/www.iscletec.com\/proyectos\/casa-de-la-musica\/es\/\">La casa de la m\u00fasica<\/a>\u201d<br \/>\nSe trata de una reforma integral realizada en una vivienda unifamiliar de los a\u00f1os 80.<br \/>\nEl nuevo propietario, un ingeniero comprometido con la construcci\u00f3n responsable, sostenible y eficiente, ha volcado su esfuerzo en conseguir una vivienda lo m\u00e1s autosuficiente posible.<\/p>\n<p>Un proyecto integral basado en otorgar el m\u00e1ximo aislamiento t\u00e9rmico en la casa, incorporando un sistema solar fotovoltaico para autoconsumo.<br \/>\nUn proceso que ha incluido el tratamiento de las paredes, techos, calefacci\u00f3n radiante en el suelo, y cerramientos con vidrios de altas prestaciones\u00a0<strong><a class=\"subrahome pempresa\" href=\"https:\/\/www.iscletec.com\/ventanas-madera-iscletec-78\/es\/\" target=\"_blank\" rel=\"noopener\">Iscletec78<\/a><\/strong>.<br \/>\nUna reforma integral que ha obtenido la m\u00e1xima calificaci\u00f3n energ\u00e9tica en aislamiento t\u00e9rmico y m\u00ednimo consumo energ\u00e9tico.<\/p>\n<p>La casa de la m\u00fasica est\u00e1 situada en un enclave \u00fanico, rodeada de bosques de pino y sobre una roca que domina el paisaje hasta el mar.<\/p>\n<p>Vistas \u00fanicas enmarcadas con nuestras ventanas doble oscilobatientes\u00a0<a class=\"subrahome pempresa\" href=\"https:\/\/www.iscletec.com\/ventanas-madera-iscletec-78\/es\/\" target=\"_blank\" rel=\"noopener\">Iscletec78\u00a0<\/a>con\u00a0<a class=\"subrahome pempresa\" href=\"https:\/\/www.iscletec.com\/vidrios-aislamiento-acustico-termico\/es\/\" target=\"_blank\" rel=\"noopener\">vidrios bajo emisivos<\/a>\u00a0que aportan aislamiento t\u00e9rmico y protecci\u00f3n solar. Madera en pino con tinte marr\u00f3n oscuro, fiel al dise\u00f1o original de la casa.<\/p>\n<p><strong>La casa de la m\u00fasica<\/strong><br \/>\nTranquilidad y bienestar para conseguir una inspiraci\u00f3n natural<\/p>\n<p>&nbsp;<\/p>\n<p><em><strong><a href=\"https:\/\/www.iscletec.com\/proyectos\/casa-de-la-musica\/es\/\">VER PROYECTO<\/a><\/strong><\/em><\/p>","protected":false},"excerpt":{"rendered":"<p>100% SOSTENIBLE Y EFICIENTE Presentamos este proyecto, al que hemos llamado \u201cLa casa de la m\u00fasica\u201d Se trata de una reforma integral realizada en una vivienda unifamiliar de los a\u00f1os 80. El nuevo propietario, un ingeniero comprometido con la construcci\u00f3n responsable, sostenible y eficiente, ha volcado su esfuerzo en conseguir una vivienda lo m\u00e1s autosuficiente [&hellip;]<\/p>\n","protected":false},"author":1,"featured_media":2760,"comment_status":"open","ping_status":"open","sticky":false,"template":"","format":"standard","meta":{"_acf_changed":false,"footnotes":""},"categories":[4,1],"tags":[],"class_list":["post-2756","post","type-post","status-publish","format-standard","has-post-thumbnail","hentry","category-proyectos","category-sin-categoria"],"acf":[],"_links":{"self":[{"href":"https:\/\/www.iscletec.com\/blog\/es\/wp-json\/wp\/v2\/posts\/2756","targetHints":{"allow":["GET"]}}],"collection":[{"href":"https:\/\/www.iscletec.com\/blog\/es\/wp-json\/wp\/v2\/posts"}],"about":[{"href":"https:\/\/www.iscletec.com\/blog\/es\/wp-json\/wp\/v2\/types\/post"}],"author":[{"embeddable":true,"href":"https:\/\/www.iscletec.com\/blog\/es\/wp-json\/wp\/v2\/users\/1"}],"replies":[{"embeddable":true,"href":"https:\/\/www.iscletec.com\/blog\/es\/wp-json\/wp\/v2\/comments?post=2756"}],"version-history":[{"count":4,"href":"https:\/\/www.iscletec.com\/blog\/es\/wp-json\/wp\/v2\/posts\/2756\/revisions"}],"predecessor-version":[{"id":2761,"href":"https:\/\/www.iscletec.com\/blog\/es\/wp-json\/wp\/v2\/posts\/2756\/revisions\/2761"}],"wp:featuredmedia":[{"embeddable":true,"href":"https:\/\/www.iscletec.com\/blog\/es\/wp-json\/wp\/v2\/media\/2760"}],"wp:attachment":[{"href":"https:\/\/www.iscletec.com\/blog\/es\/wp-json\/wp\/v2\/media?parent=2756"}],"wp:term":[{"taxonomy":"category","embeddable":true,"href":"https:\/\/www.iscletec.com\/blog\/es\/wp-json\/wp\/v2\/categories?post=2756"},{"taxonomy":"post_tag","embeddable":true,"href":"https:\/\/www.iscletec.com\/blog\/es\/wp-json\/wp\/v2\/tags?post=2756"}],"curies":[{"name":"wp","href":"https:\/\/api.w.org\/{rel}","templated":true}]}}