{"id":2903,"date":"2022-11-24T12:35:16","date_gmt":"2022-11-24T11:35:16","guid":{"rendered":"https:\/\/iscletec.com\/blog\/?p=2903"},"modified":"2022-11-24T12:55:20","modified_gmt":"2022-11-24T11:55:20","slug":"un-passeig-pel-temps","status":"publish","type":"post","link":"https:\/\/www.iscletec.com\/blog\/es\/un-passeig-pel-temps\/","title":{"rendered":"Un paseo por el tiempo\u2026"},"content":{"rendered":"<p><strong><img loading=\"lazy\" decoding=\"async\" class=\"alignleft size-full wp-image-2906\" src=\"https:\/\/www.iscletec.com\/\/blog\/wp-content\/uploads\/2022\/11\/tartera.jpg\" alt=\"\" width=\"463\" height=\"359\" srcset=\"https:\/\/www.iscletec.com\/blog\/wp-content\/uploads\/2022\/11\/tartera.jpg 463w, https:\/\/www.iscletec.com\/blog\/wp-content\/uploads\/2022\/11\/tartera-300x233.jpg 300w\" sizes=\"auto, (max-width: 463px) 100vw, 463px\" \/><\/strong><\/p>\n<p><strong>Te adelantamos este nuevo trabajo, con unas primeras fotos de antes y despu\u00e9s<\/strong><\/p>\n<p>Es oto\u00f1o, la calidez de la luz y los ocres de las hojas nos invitan a pasear y a disfrutar de tranquilas tardes en casa\u2026<\/p>\n<p>Han pasado m\u00e1s de cien a\u00f1os, y seguimos sintiendo lo mismo,en cada ventana, en cada apertura y en cada rinc\u00f3n de esta se\u00f1orial vivienda de principios de siglo.<\/p>\n<p><em>\u00a1\u00a1Muy pronto podr\u00e1s descubrir este nuevo proyecto!!<\/em><\/p>\n<p><a href=\"https:\/\/www.iscletec.com\/proyectos\/es\"><em><strong>Ver otros proyectos de Iscletec<\/strong><\/em><\/a><\/p>\n<p><img loading=\"lazy\" decoding=\"async\" class=\"alignleft size-full wp-image-2922\" src=\"https:\/\/www.iscletec.com\/\/blog\/wp-content\/uploads\/2022\/11\/tartera_2.jpg\" alt=\"\" width=\"463\" height=\"318\" srcset=\"https:\/\/www.iscletec.com\/blog\/wp-content\/uploads\/2022\/11\/tartera_2.jpg 463w, https:\/\/www.iscletec.com\/blog\/wp-content\/uploads\/2022\/11\/tartera_2-300x206.jpg 300w\" sizes=\"auto, (max-width: 463px) 100vw, 463px\" \/><\/p>","protected":false},"excerpt":{"rendered":"<p>Te adelantamos este nuevo trabajo, con unas primeras fotos de antes y despu\u00e9s Es oto\u00f1o, la calidez de la luz y los ocres de las hojas nos invitan a pasear y a disfrutar de tranquilas tardes en casa\u2026 Han pasado m\u00e1s de cien a\u00f1os, y seguimos sintiendo lo mismo,en cada ventana, en cada apertura y [&hellip;]<\/p>\n","protected":false},"author":1,"featured_media":2917,"comment_status":"open","ping_status":"open","sticky":false,"template":"","format":"standard","meta":{"_acf_changed":false,"footnotes":""},"categories":[4],"tags":[],"class_list":["post-2903","post","type-post","status-publish","format-standard","has-post-thumbnail","hentry","category-proyectos"],"acf":[],"_links":{"self":[{"href":"https:\/\/www.iscletec.com\/blog\/es\/wp-json\/wp\/v2\/posts\/2903","targetHints":{"allow":["GET"]}}],"collection":[{"href":"https:\/\/www.iscletec.com\/blog\/es\/wp-json\/wp\/v2\/posts"}],"about":[{"href":"https:\/\/www.iscletec.com\/blog\/es\/wp-json\/wp\/v2\/types\/post"}],"author":[{"embeddable":true,"href":"https:\/\/www.iscletec.com\/blog\/es\/wp-json\/wp\/v2\/users\/1"}],"replies":[{"embeddable":true,"href":"https:\/\/www.iscletec.com\/blog\/es\/wp-json\/wp\/v2\/comments?post=2903"}],"version-history":[{"count":20,"href":"https:\/\/www.iscletec.com\/blog\/es\/wp-json\/wp\/v2\/posts\/2903\/revisions"}],"predecessor-version":[{"id":2929,"href":"https:\/\/www.iscletec.com\/blog\/es\/wp-json\/wp\/v2\/posts\/2903\/revisions\/2929"}],"wp:featuredmedia":[{"embeddable":true,"href":"https:\/\/www.iscletec.com\/blog\/es\/wp-json\/wp\/v2\/media\/2917"}],"wp:attachment":[{"href":"https:\/\/www.iscletec.com\/blog\/es\/wp-json\/wp\/v2\/media?parent=2903"}],"wp:term":[{"taxonomy":"category","embeddable":true,"href":"https:\/\/www.iscletec.com\/blog\/es\/wp-json\/wp\/v2\/categories?post=2903"},{"taxonomy":"post_tag","embeddable":true,"href":"https:\/\/www.iscletec.com\/blog\/es\/wp-json\/wp\/v2\/tags?post=2903"}],"curies":[{"name":"wp","href":"https:\/\/api.w.org\/{rel}","templated":true}]}}