{"id":3039,"date":"2023-04-20T10:06:23","date_gmt":"2023-04-20T09:06:23","guid":{"rendered":"https:\/\/iscletec.com\/blog\/?p=3039"},"modified":"2023-04-20T11:41:14","modified_gmt":"2023-04-20T10:41:14","slug":"especial-galerias-y-salas-acristaladas","status":"publish","type":"post","link":"https:\/\/www.iscletec.com\/blog\/es\/especial-galerias-y-salas-acristaladas\/","title":{"rendered":"ESPECIAL GALER\u00cdAS Y SALAS ACRISTALADAS"},"content":{"rendered":"<p><strong>Empiezan las agradables sobremesas de primavera donde el sol\u00a0\u00a0<\/strong><strong>y el buen tiempo invitan a largas tertulias hasta la noche.<\/strong><br \/>\nOs presentamos a continuaci\u00f3n algunos de los proyectos m\u00e1s destacados que hemos realizado para el dise\u00f1o de amplias galer\u00edas y salones acristalados, dise\u00f1ados y fabricados con nuestra carpinter\u00eda <strong><a href=\"https:\/\/www.iscletec.com\/ventanas-madera-iscletec-78\/es\">Iscletec 78<\/a><\/strong>.<\/p>\n<hr \/>\n<p><img loading=\"lazy\" decoding=\"async\" class=\"alignnone wp-image-3045\" src=\"https:\/\/www.iscletec.com\/\/blog\/wp-content\/uploads\/2023\/04\/ventanas-de-madera-iscletec-proyectocasa-pirineo-02-1024x523.jpg\" alt=\"Galer\u00edas y Salas acristaladas Iscletec\" width=\"800\" height=\"409\" srcset=\"https:\/\/www.iscletec.com\/blog\/wp-content\/uploads\/2023\/04\/ventanas-de-madera-iscletec-proyectocasa-pirineo-02-1024x523.jpg 1024w, https:\/\/www.iscletec.com\/blog\/wp-content\/uploads\/2023\/04\/ventanas-de-madera-iscletec-proyectocasa-pirineo-02-300x153.jpg 300w, https:\/\/www.iscletec.com\/blog\/wp-content\/uploads\/2023\/04\/ventanas-de-madera-iscletec-proyectocasa-pirineo-02-768x392.jpg 768w, https:\/\/www.iscletec.com\/blog\/wp-content\/uploads\/2023\/04\/ventanas-de-madera-iscletec-proyectocasa-pirineo-02.jpg 1920w\" sizes=\"auto, (max-width: 800px) 100vw, 800px\" \/><\/p>\n<p><strong>Balconeras con cubierta incluida acristalada a 1 agua.<\/strong><br \/>\nNos encanta recordar este magn\u00edfico <strong><a href=\"https:\/\/www.iscletec.com\/proyectos\/casa-en-los-pirineos\/es\/\">proyecto, situado en el Pirineo<\/a><\/strong>.<br \/>\nUna amplia galer\u00eda en el centro de la vivienda unifamiliar fabricada con balconeras y carpinter\u00eda fija en madera, incluida la cubierta, que proyecta las vistas al cielo azul y a las estrellas durante la noche.<\/p>\n<hr \/>\n<p><img loading=\"lazy\" decoding=\"async\" class=\"size-large wp-image-3047 alignnone\" src=\"https:\/\/www.iscletec.com\/\/blog\/wp-content\/uploads\/2023\/04\/05_AG_799697-1024x461.jpg\" alt=\"Galer\u00edas y Salas acristaladas Iscletec\" width=\"1024\" height=\"461\" srcset=\"https:\/\/www.iscletec.com\/blog\/wp-content\/uploads\/2023\/04\/05_AG_799697-1024x461.jpg 1024w, https:\/\/www.iscletec.com\/blog\/wp-content\/uploads\/2023\/04\/05_AG_799697-300x135.jpg 300w, https:\/\/www.iscletec.com\/blog\/wp-content\/uploads\/2023\/04\/05_AG_799697-768x346.jpg 768w\" sizes=\"auto, (max-width: 1024px) 100vw, 1024px\" \/><\/p>\n<p><strong>Apertura total a trav\u00e9s de un inteligente juego de balconeras practicables<\/strong><br \/>\nUn reconocido <strong><a href=\"https:\/\/www.iscletec.com\/proyectos\/casa-ullastret\/es\/\">proyecto de Harquitectes<\/a><\/strong>. Una casa de estilo puro y minimalista, que a trav\u00e9s de un pr\u00e1ctico juego de balconeras de 2 hojas alineadas consigue la total apertura en toda la casa. Un ejemplo m\u00e1s del estilo de Harquitectes que a trav\u00e9s simple f\u00f3rmulas puedes conseguir grandes resultados.<\/p>\n<hr \/>\n<p><img loading=\"lazy\" decoding=\"async\" class=\"size-large wp-image-3048 alignnone\" src=\"https:\/\/www.iscletec.com\/\/blog\/wp-content\/uploads\/2023\/04\/interioresok4-hotelvilarenys-iscletec-1024x612.jpg\" alt=\"Galer\u00edas y Salas acristaladas Iscletec\" width=\"1024\" height=\"612\" srcset=\"https:\/\/www.iscletec.com\/blog\/wp-content\/uploads\/2023\/04\/interioresok4-hotelvilarenys-iscletec-1024x612.jpg 1024w, https:\/\/www.iscletec.com\/blog\/wp-content\/uploads\/2023\/04\/interioresok4-hotelvilarenys-iscletec-300x179.jpg 300w, https:\/\/www.iscletec.com\/blog\/wp-content\/uploads\/2023\/04\/interioresok4-hotelvilarenys-iscletec-768x459.jpg 768w\" sizes=\"auto, (max-width: 1024px) 100vw, 1024px\" \/><\/p>\n<p><strong>Miradores circulares con juego de balconeras<\/strong><br \/>\nUn dif\u00edcil <strong><a href=\"https:\/\/www.iscletec.com\/proyectos\/hotel-boutique-arenys\/es\">proyecto<\/a><\/strong> que nos gusta recuperar con esta publicaci\u00f3n. Un edificio de obra nueva dise\u00f1ado para acoger un Hotel-boutique en el Maresme. El edificio ten\u00eda unos miradores curvos donde la propiedad solicitaba unos acristalamientos practicables en toda su longitud. Un reto que resolvimos con un perfecto dise\u00f1o geom\u00e9trico con practicables de 1 hoja alineadas a la curvatura del mirador de cada planta. De esta manera consegu\u00edamos una completa alineaci\u00f3n del mirador curvo y la total apertura en la balconera, para que los hu\u00e9spedes pudieran disfrutar del ambiente de la c\u00e9ntrica poblaci\u00f3n con las practicables abiertas y de la total iluminaci\u00f3n natural con el m\u00e1ximo aislamiento.<\/p>\n<p>&nbsp;<\/p>","protected":false},"excerpt":{"rendered":"<p>Empiezan las agradables sobremesas de primavera donde el sol\u00a0\u00a0y el buen tiempo invitan a largas tertulias hasta la noche. Os presentamos a continuaci\u00f3n algunos de los proyectos m\u00e1s destacados que hemos realizado para el dise\u00f1o de amplias galer\u00edas y salones acristalados, dise\u00f1ados y fabricados con nuestra carpinter\u00eda Iscletec 78. Balconeras con cubierta incluida acristalada a [&hellip;]<\/p>\n","protected":false},"author":1,"featured_media":3045,"comment_status":"open","ping_status":"open","sticky":false,"template":"","format":"standard","meta":{"_acf_changed":false,"footnotes":""},"categories":[4],"tags":[],"class_list":["post-3039","post","type-post","status-publish","format-standard","has-post-thumbnail","hentry","category-proyectos"],"acf":[],"_links":{"self":[{"href":"https:\/\/www.iscletec.com\/blog\/es\/wp-json\/wp\/v2\/posts\/3039","targetHints":{"allow":["GET"]}}],"collection":[{"href":"https:\/\/www.iscletec.com\/blog\/es\/wp-json\/wp\/v2\/posts"}],"about":[{"href":"https:\/\/www.iscletec.com\/blog\/es\/wp-json\/wp\/v2\/types\/post"}],"author":[{"embeddable":true,"href":"https:\/\/www.iscletec.com\/blog\/es\/wp-json\/wp\/v2\/users\/1"}],"replies":[{"embeddable":true,"href":"https:\/\/www.iscletec.com\/blog\/es\/wp-json\/wp\/v2\/comments?post=3039"}],"version-history":[{"count":13,"href":"https:\/\/www.iscletec.com\/blog\/es\/wp-json\/wp\/v2\/posts\/3039\/revisions"}],"predecessor-version":[{"id":3057,"href":"https:\/\/www.iscletec.com\/blog\/es\/wp-json\/wp\/v2\/posts\/3039\/revisions\/3057"}],"wp:featuredmedia":[{"embeddable":true,"href":"https:\/\/www.iscletec.com\/blog\/es\/wp-json\/wp\/v2\/media\/3045"}],"wp:attachment":[{"href":"https:\/\/www.iscletec.com\/blog\/es\/wp-json\/wp\/v2\/media?parent=3039"}],"wp:term":[{"taxonomy":"category","embeddable":true,"href":"https:\/\/www.iscletec.com\/blog\/es\/wp-json\/wp\/v2\/categories?post=3039"},{"taxonomy":"post_tag","embeddable":true,"href":"https:\/\/www.iscletec.com\/blog\/es\/wp-json\/wp\/v2\/tags?post=3039"}],"curies":[{"name":"wp","href":"https:\/\/api.w.org\/{rel}","templated":true}]}}