{"id":3237,"date":"2023-08-30T09:20:28","date_gmt":"2023-08-30T08:20:28","guid":{"rendered":"https:\/\/iscletec.com\/blog\/?p=3237"},"modified":"2023-08-30T09:59:51","modified_gmt":"2023-08-30T08:59:51","slug":"restauracio-nau-modernista","status":"publish","type":"post","link":"https:\/\/www.iscletec.com\/blog\/es\/restauracio-nau-modernista\/","title":{"rendered":"Reforma Integral: Nave Modernista"},"content":{"rendered":"<p><strong>Paz, calma y reflexi\u00f3n, protegido con ventanas de madera con vidrios ac\u00fasticos.<\/strong><\/p>\n<p>Iscletec ha dise\u00f1ado y fabricado a medida todas las ventanas y cerramientos del exterior en madera con el perfil\u00a0<a href=\"https:\/\/www.iscletec.com\/formatos\/es\/\"><strong>Iscletec78<\/strong>.<\/a><br \/>\nUn dise\u00f1o actualizado sobre el estilo modernista original, con las m\u00e1ximas prestaciones en aislamiento ac\u00fastico.<\/p>\n<p><a href=\"https:\/\/www.iscletec.com\/proyectos\/rehabilitacion-integral-nave-modernista\/es\/\">Ver proyecto<\/a><\/p>\n<p>&nbsp;<\/p>\n<p><img loading=\"lazy\" decoding=\"async\" class=\"alignleft size-large wp-image-3242\" src=\"https:\/\/www.iscletec.com\/\/blog\/wp-content\/uploads\/2023\/08\/ventanas-de-madera-barcelona-proyecto-nave-modernista-07-1024x768.jpg\" alt=\"\" width=\"1024\" height=\"768\" srcset=\"https:\/\/www.iscletec.com\/blog\/wp-content\/uploads\/2023\/08\/ventanas-de-madera-barcelona-proyecto-nave-modernista-07-1024x768.jpg 1024w, https:\/\/www.iscletec.com\/blog\/wp-content\/uploads\/2023\/08\/ventanas-de-madera-barcelona-proyecto-nave-modernista-07-300x225.jpg 300w, https:\/\/www.iscletec.com\/blog\/wp-content\/uploads\/2023\/08\/ventanas-de-madera-barcelona-proyecto-nave-modernista-07-768x576.jpg 768w, https:\/\/www.iscletec.com\/blog\/wp-content\/uploads\/2023\/08\/ventanas-de-madera-barcelona-proyecto-nave-modernista-07.jpg 1500w\" sizes=\"auto, (max-width: 1024px) 100vw, 1024px\" \/><\/p>\n<p><img loading=\"lazy\" decoding=\"async\" class=\"alignleft size-large wp-image-3241\" src=\"https:\/\/www.iscletec.com\/\/blog\/wp-content\/uploads\/2023\/08\/ventanas-de-madera-barcelona-proyecto-nave-modernista-02-2-1024x768.jpg\" alt=\"\" width=\"1024\" height=\"768\" srcset=\"https:\/\/www.iscletec.com\/blog\/wp-content\/uploads\/2023\/08\/ventanas-de-madera-barcelona-proyecto-nave-modernista-02-2-1024x768.jpg 1024w, https:\/\/www.iscletec.com\/blog\/wp-content\/uploads\/2023\/08\/ventanas-de-madera-barcelona-proyecto-nave-modernista-02-2-300x225.jpg 300w, https:\/\/www.iscletec.com\/blog\/wp-content\/uploads\/2023\/08\/ventanas-de-madera-barcelona-proyecto-nave-modernista-02-2-768x576.jpg 768w, https:\/\/www.iscletec.com\/blog\/wp-content\/uploads\/2023\/08\/ventanas-de-madera-barcelona-proyecto-nave-modernista-02-2.jpg 1500w\" sizes=\"auto, (max-width: 1024px) 100vw, 1024px\" \/><\/p>","protected":false},"excerpt":{"rendered":"<p>Paz, calma y reflexi\u00f3n, protegido con ventanas de madera con vidrios ac\u00fasticos. Iscletec ha dise\u00f1ado y fabricado a medida todas las ventanas y cerramientos del exterior en madera con el perfil\u00a0Iscletec78. Un dise\u00f1o actualizado sobre el estilo modernista original, con las m\u00e1ximas prestaciones en aislamiento ac\u00fastico. Ver proyecto &nbsp;<\/p>\n","protected":false},"author":1,"featured_media":3238,"comment_status":"open","ping_status":"open","sticky":false,"template":"","format":"standard","meta":{"_acf_changed":false,"footnotes":""},"categories":[4],"tags":[],"class_list":["post-3237","post","type-post","status-publish","format-standard","has-post-thumbnail","hentry","category-proyectos"],"acf":[],"_links":{"self":[{"href":"https:\/\/www.iscletec.com\/blog\/es\/wp-json\/wp\/v2\/posts\/3237","targetHints":{"allow":["GET"]}}],"collection":[{"href":"https:\/\/www.iscletec.com\/blog\/es\/wp-json\/wp\/v2\/posts"}],"about":[{"href":"https:\/\/www.iscletec.com\/blog\/es\/wp-json\/wp\/v2\/types\/post"}],"author":[{"embeddable":true,"href":"https:\/\/www.iscletec.com\/blog\/es\/wp-json\/wp\/v2\/users\/1"}],"replies":[{"embeddable":true,"href":"https:\/\/www.iscletec.com\/blog\/es\/wp-json\/wp\/v2\/comments?post=3237"}],"version-history":[{"count":3,"href":"https:\/\/www.iscletec.com\/blog\/es\/wp-json\/wp\/v2\/posts\/3237\/revisions"}],"predecessor-version":[{"id":3244,"href":"https:\/\/www.iscletec.com\/blog\/es\/wp-json\/wp\/v2\/posts\/3237\/revisions\/3244"}],"wp:featuredmedia":[{"embeddable":true,"href":"https:\/\/www.iscletec.com\/blog\/es\/wp-json\/wp\/v2\/media\/3238"}],"wp:attachment":[{"href":"https:\/\/www.iscletec.com\/blog\/es\/wp-json\/wp\/v2\/media?parent=3237"}],"wp:term":[{"taxonomy":"category","embeddable":true,"href":"https:\/\/www.iscletec.com\/blog\/es\/wp-json\/wp\/v2\/categories?post=3237"},{"taxonomy":"post_tag","embeddable":true,"href":"https:\/\/www.iscletec.com\/blog\/es\/wp-json\/wp\/v2\/tags?post=3237"}],"curies":[{"name":"wp","href":"https:\/\/api.w.org\/{rel}","templated":true}]}}