{"id":3264,"date":"2023-10-06T09:41:10","date_gmt":"2023-10-06T08:41:10","guid":{"rendered":"https:\/\/iscletec.com\/blog\/?p=3264"},"modified":"2023-10-06T09:42:10","modified_gmt":"2023-10-06T08:42:10","slug":"projecte-iscletec-rehabilitacio-de-la-casa-g","status":"publish","type":"post","link":"https:\/\/www.iscletec.com\/blog\/es\/projecte-iscletec-rehabilitacio-de-la-casa-g\/","title":{"rendered":"PROYECTO ISCLETEC- Rehabilitaci\u00f3n de la casa G"},"content":{"rendered":"<p><\/p>\n<h3 class=\"newblack\"><strong>Arquitectura, respetuosa y sostenible<\/strong><\/h3>\n<p class=\"newblack\"><strong>Os presentamos la rehabilitaci\u00f3n de la casa G\u00a0<\/strong><strong>dirigida por la arquitecta Maria Pujol<\/strong><\/p>\n<p class=\"newblack\">Un proyecto cuyo objetivo ha sido preservar la esencia original del apartamento dise\u00f1ado por los arquitectos Oscar Tusquets y Llu\u00eds Clotet, utilizando materiales naturales, sencillos pero nobles, como las baldosas de los ba\u00f1os y el pavimento con cer\u00e1mica natural tipo rasilla.<\/p>\n<p><a href=\"https:\/\/www.iscletec.com\/proyectos\/rehabilitacion-integral-vivienda\/es\/\">Ver proyecto<\/a><\/p>\n<p>&nbsp;<\/p>\n<p><a href=\"https:\/\/www.iscletec.com\/proyectos\/rehabilitacion-integral-vivienda\/es\/\"><img loading=\"lazy\" decoding=\"async\" class=\"alignleft size-large wp-image-3266\" src=\"https:\/\/www.iscletec.com\/\/blog\/wp-content\/uploads\/2023\/10\/ventanas-de-madera-barcelona-proyecto-vivienda-03-1024x683.jpg\" alt=\"\" width=\"1024\" height=\"683\" srcset=\"https:\/\/www.iscletec.com\/blog\/wp-content\/uploads\/2023\/10\/ventanas-de-madera-barcelona-proyecto-vivienda-03-1024x683.jpg 1024w, https:\/\/www.iscletec.com\/blog\/wp-content\/uploads\/2023\/10\/ventanas-de-madera-barcelona-proyecto-vivienda-03-300x200.jpg 300w, https:\/\/www.iscletec.com\/blog\/wp-content\/uploads\/2023\/10\/ventanas-de-madera-barcelona-proyecto-vivienda-03-768x512.jpg 768w, https:\/\/www.iscletec.com\/blog\/wp-content\/uploads\/2023\/10\/ventanas-de-madera-barcelona-proyecto-vivienda-03.jpg 1500w\" sizes=\"auto, (max-width: 1024px) 100vw, 1024px\" \/><\/a><\/p>","protected":false},"excerpt":{"rendered":"<p>Arquitectura, respetuosa y sostenible Os presentamos la rehabilitaci\u00f3n de la casa G\u00a0dirigida por la arquitecta Maria Pujol Un proyecto cuyo objetivo ha sido preservar la esencia original del apartamento dise\u00f1ado por los arquitectos Oscar Tusquets y Llu\u00eds Clotet, utilizando materiales naturales, sencillos pero nobles, como las baldosas de los ba\u00f1os y el pavimento con cer\u00e1mica [&hellip;]<\/p>\n","protected":false},"author":1,"featured_media":3265,"comment_status":"open","ping_status":"open","sticky":false,"template":"","format":"standard","meta":{"_acf_changed":false,"footnotes":""},"categories":[4],"tags":[],"class_list":["post-3264","post","type-post","status-publish","format-standard","has-post-thumbnail","hentry","category-proyectos"],"acf":[],"_links":{"self":[{"href":"https:\/\/www.iscletec.com\/blog\/es\/wp-json\/wp\/v2\/posts\/3264","targetHints":{"allow":["GET"]}}],"collection":[{"href":"https:\/\/www.iscletec.com\/blog\/es\/wp-json\/wp\/v2\/posts"}],"about":[{"href":"https:\/\/www.iscletec.com\/blog\/es\/wp-json\/wp\/v2\/types\/post"}],"author":[{"embeddable":true,"href":"https:\/\/www.iscletec.com\/blog\/es\/wp-json\/wp\/v2\/users\/1"}],"replies":[{"embeddable":true,"href":"https:\/\/www.iscletec.com\/blog\/es\/wp-json\/wp\/v2\/comments?post=3264"}],"version-history":[{"count":9,"href":"https:\/\/www.iscletec.com\/blog\/es\/wp-json\/wp\/v2\/posts\/3264\/revisions"}],"predecessor-version":[{"id":3275,"href":"https:\/\/www.iscletec.com\/blog\/es\/wp-json\/wp\/v2\/posts\/3264\/revisions\/3275"}],"wp:featuredmedia":[{"embeddable":true,"href":"https:\/\/www.iscletec.com\/blog\/es\/wp-json\/wp\/v2\/media\/3265"}],"wp:attachment":[{"href":"https:\/\/www.iscletec.com\/blog\/es\/wp-json\/wp\/v2\/media?parent=3264"}],"wp:term":[{"taxonomy":"category","embeddable":true,"href":"https:\/\/www.iscletec.com\/blog\/es\/wp-json\/wp\/v2\/categories?post=3264"},{"taxonomy":"post_tag","embeddable":true,"href":"https:\/\/www.iscletec.com\/blog\/es\/wp-json\/wp\/v2\/tags?post=3264"}],"curies":[{"name":"wp","href":"https:\/\/api.w.org\/{rel}","templated":true}]}}