{"id":3277,"date":"2023-10-16T14:56:11","date_gmt":"2023-10-16T13:56:11","guid":{"rendered":"https:\/\/iscletec.com\/blog\/?p=3277"},"modified":"2023-10-16T16:33:15","modified_gmt":"2023-10-16T15:33:15","slug":"especial-ventanas-bicolor","status":"publish","type":"post","link":"https:\/\/www.iscletec.com\/blog\/es\/especial-ventanas-bicolor\/","title":{"rendered":"ESPECIAL VENTANAS BICOLOR"},"content":{"rendered":"<p>Este mes os present\u00e1bamos el proyecto de la <strong><a href=\"https:\/\/www.iscletec.com\/proyectos\/rehabilitacion-integral-vivienda\/es\/\">rehabilitaci\u00f3n de la casa G<\/a><\/strong>, dirigida por la arquitecta Maria Pujol.<br \/>\nUn elegante proyecto que hemos realizado con ventanas en madera de pino, con dos acabados diferentes en el interior- exterior.<\/p>\n<p><strong>Exterior: Lacado en color verde<\/strong><br \/>\n<strong>Interior: Natural protegida con aceite 100% natural.<\/strong><\/p>\n<p>&nbsp;<\/p>\n<p><img loading=\"lazy\" decoding=\"async\" class=\"alignnone wp-image-3280\" src=\"https:\/\/www.iscletec.com\/\/blog\/wp-content\/uploads\/2023\/10\/ventanas-bicolor-01.jpg\" alt=\"VENTANAS BICOLOR Iscletec\" width=\"850\" height=\"567\" srcset=\"https:\/\/www.iscletec.com\/blog\/wp-content\/uploads\/2023\/10\/ventanas-bicolor-01.jpg 1200w, https:\/\/www.iscletec.com\/blog\/wp-content\/uploads\/2023\/10\/ventanas-bicolor-01-300x200.jpg 300w, https:\/\/www.iscletec.com\/blog\/wp-content\/uploads\/2023\/10\/ventanas-bicolor-01-768x512.jpg 768w, https:\/\/www.iscletec.com\/blog\/wp-content\/uploads\/2023\/10\/ventanas-bicolor-01-1024x683.jpg 1024w\" sizes=\"auto, (max-width: 850px) 100vw, 850px\" \/><\/p>\n<p>&nbsp;<\/p>\n<p>En Iscletec hemos realizando infinitos proyectos con dos acabados distintos en el exterior e interior.<br \/>\nNuestras ventanas y correderas de madera son dise\u00f1adas y fabricadas 100% a medida, pudiendo solicitar cualquier tipo de acabado y color, tanto en el exterior como en el interior.<\/p>\n<p><strong>Algunos ejemplos en madera de PINO, lacada con 2 colores diferentes en el exterior e interior.<\/strong><br \/>\n<strong>La madera de PINO ofrece una superficie \u00f3ptima, lisa y uniforme, para el lacado.<\/strong><\/p>\n<hr \/>\n<p>&nbsp;<\/p>\n<p><img loading=\"lazy\" decoding=\"async\" class=\"size-full wp-image-3281 alignnone\" src=\"https:\/\/www.iscletec.com\/\/blog\/wp-content\/uploads\/2023\/10\/ventanas-bicolor-02.jpg\" alt=\"VENTANAS BICOLOR Iscletec\" width=\"1200\" height=\"800\" srcset=\"https:\/\/www.iscletec.com\/blog\/wp-content\/uploads\/2023\/10\/ventanas-bicolor-02.jpg 1200w, https:\/\/www.iscletec.com\/blog\/wp-content\/uploads\/2023\/10\/ventanas-bicolor-02-300x200.jpg 300w, https:\/\/www.iscletec.com\/blog\/wp-content\/uploads\/2023\/10\/ventanas-bicolor-02-768x512.jpg 768w, https:\/\/www.iscletec.com\/blog\/wp-content\/uploads\/2023\/10\/ventanas-bicolor-02-1024x683.jpg 1024w\" sizes=\"auto, (max-width: 1200px) 100vw, 1200px\" \/><\/p>\n<p>&nbsp;<\/p>\n<h3>Ejemplo1:<\/h3>\n<p><strong>Lacado 2 caras con 2 colores diferentes.<\/strong><br \/>\nMadera: PINO, la madera de pino ofrece una superficie \u00f3ptima, lisa y uniforme, para el lacado.<br \/>\nExterior: Lacado en color marr\u00f3n- Seg\u00fan Normativa edificios y fachadas protegidas de Barcelona.<br \/>\nInterior: Lacado en color blanco RAL 9016<br \/>\n<a href=\"https:\/\/www.iscletec.com\/proyectos\/rehabilitacion-integral-nave-modernista\/es\/\" target=\"_blank\" rel=\"noopener\">VER PROYECTO<\/a><\/p>\n<hr \/>\n<p>&nbsp;<\/p>\n<h3><img loading=\"lazy\" decoding=\"async\" class=\"size-full wp-image-3282 alignnone\" src=\"https:\/\/www.iscletec.com\/\/blog\/wp-content\/uploads\/2023\/10\/ventanas-bicolor-03.jpg\" alt=\"VENTANAS BICOLOR Iscletec\" width=\"1200\" height=\"800\" srcset=\"https:\/\/www.iscletec.com\/blog\/wp-content\/uploads\/2023\/10\/ventanas-bicolor-03.jpg 1200w, https:\/\/www.iscletec.com\/blog\/wp-content\/uploads\/2023\/10\/ventanas-bicolor-03-300x200.jpg 300w, https:\/\/www.iscletec.com\/blog\/wp-content\/uploads\/2023\/10\/ventanas-bicolor-03-768x512.jpg 768w, https:\/\/www.iscletec.com\/blog\/wp-content\/uploads\/2023\/10\/ventanas-bicolor-03-1024x683.jpg 1024w\" sizes=\"auto, (max-width: 1200px) 100vw, 1200px\" \/><\/h3>\n<h3>Ejemplo2:<\/h3>\n<p><strong>Lacado 2 caras con 2 colores diferentes, incluido Portones de Librillo<\/strong><br \/>\nBalconeras oscilobatientes y dise\u00f1adas cuidando el dise\u00f1o original<br \/>\nPintado bicolor en blanco seda y Azul piedra exterior<br \/>\n<a href=\"https:\/\/www.iscletec.com\/proyectos\/casa-caspe-etica-estetica\/es\/\" target=\"_blank\" rel=\"noopener\">VER PROYECTO<\/a><\/p>\n<hr \/>\n<p>&nbsp;<\/p>\n<p><img loading=\"lazy\" decoding=\"async\" class=\"size-full wp-image-3283 alignnone\" src=\"https:\/\/www.iscletec.com\/\/blog\/wp-content\/uploads\/2023\/10\/ventanas-bicolor-04.jpg\" alt=\"VENTANAS BICOLOR Iscletec\" width=\"1200\" height=\"800\" srcset=\"https:\/\/www.iscletec.com\/blog\/wp-content\/uploads\/2023\/10\/ventanas-bicolor-04.jpg 1200w, https:\/\/www.iscletec.com\/blog\/wp-content\/uploads\/2023\/10\/ventanas-bicolor-04-300x200.jpg 300w, https:\/\/www.iscletec.com\/blog\/wp-content\/uploads\/2023\/10\/ventanas-bicolor-04-768x512.jpg 768w, https:\/\/www.iscletec.com\/blog\/wp-content\/uploads\/2023\/10\/ventanas-bicolor-04-1024x683.jpg 1024w\" sizes=\"auto, (max-width: 1200px) 100vw, 1200px\" \/><\/p>\n<h3>Ejemplo3:<\/h3>\n<p><strong>Lacado 2 caras con 2 colores diferentes, con dise\u00f1o de contraventana \u201cvintage\u201d<\/strong><br \/>\nLas ventanas y balconeras han sido dise\u00f1adas manteniendo el sistema original de ventana m\u00e1s contraventana.<br \/>\nBalconeras divididas en 6 cristales y panel ciego inferior con moldura.<br \/>\nHerrajes de \u00faltima generaci\u00f3n con dise\u00f1o \u201cvintage\u201d acorde al sistema de contraventana.<br \/>\n<a href=\"https:\/\/www.iscletec.com\/proyectos\/casa-sant-vicenc-montal\/es\/\" target=\"_blank\" rel=\"noopener\">VER PROYECTO<\/a><\/p>\n<hr \/>\n<p>&nbsp;<\/p>\n<p><img loading=\"lazy\" decoding=\"async\" class=\"size-full wp-image-3284 alignnone\" src=\"https:\/\/www.iscletec.com\/\/blog\/wp-content\/uploads\/2023\/10\/ventanas-bicolor-05.jpg\" alt=\"VENTANAS BICOLOR Iscletec\" width=\"1200\" height=\"800\" srcset=\"https:\/\/www.iscletec.com\/blog\/wp-content\/uploads\/2023\/10\/ventanas-bicolor-05.jpg 1200w, https:\/\/www.iscletec.com\/blog\/wp-content\/uploads\/2023\/10\/ventanas-bicolor-05-300x200.jpg 300w, https:\/\/www.iscletec.com\/blog\/wp-content\/uploads\/2023\/10\/ventanas-bicolor-05-768x512.jpg 768w, https:\/\/www.iscletec.com\/blog\/wp-content\/uploads\/2023\/10\/ventanas-bicolor-05-1024x683.jpg 1024w\" sizes=\"auto, (max-width: 1200px) 100vw, 1200px\" \/><\/p>\n<h3>Ejemplo4:<\/h3>\n<p><strong>Lacado 2 caras con 2 colores diferentes, incluido Portones de Librillo<\/strong><br \/>\nElegante edificio modernista, dentro de nuestros proyectos #VestimosBarcelona.<br \/>\nVentanas dise\u00f1adas, siguiendo la estructura modernista de dos hojas y parte inferior oculta con moldura.<br \/>\nPortones con librillo m\u00f3vil con dise\u00f1o cl\u00e1sico modernista.<br \/>\nExterior1 &#8211; Fachada calle: Color Mocca por su fachada principal conservando as\u00ed el Patrimonio Arquitect\u00f3nico de Barcelona.<br \/>\nExterior2 &#8211; Fachada interior &#8211; patio: Verde Esmeralda: color tradicional de la ciudad que respeta su larga y rica cultura urban\u00edstica<br \/>\nInterior: Blanco SEDA.<br \/>\n<a href=\"https:\/\/www.iscletec.com\/proyectos\/vestimos-barcelona-casa-caspe\/es\/\" target=\"_blank\" rel=\"noopener\">VER PROYECTO<\/a><\/p>","protected":false},"excerpt":{"rendered":"<p>Este mes os present\u00e1bamos el proyecto de la rehabilitaci\u00f3n de la casa G, dirigida por la arquitecta Maria Pujol. Un elegante proyecto que hemos realizado con ventanas en madera de pino, con dos acabados diferentes en el interior- exterior. Exterior: Lacado en color verde Interior: Natural protegida con aceite 100% natural. &nbsp; &nbsp; En Iscletec [&hellip;]<\/p>\n","protected":false},"author":1,"featured_media":3295,"comment_status":"open","ping_status":"open","sticky":false,"template":"","format":"standard","meta":{"_acf_changed":false,"footnotes":""},"categories":[4],"tags":[],"class_list":["post-3277","post","type-post","status-publish","format-standard","has-post-thumbnail","hentry","category-proyectos"],"acf":[],"_links":{"self":[{"href":"https:\/\/www.iscletec.com\/blog\/es\/wp-json\/wp\/v2\/posts\/3277","targetHints":{"allow":["GET"]}}],"collection":[{"href":"https:\/\/www.iscletec.com\/blog\/es\/wp-json\/wp\/v2\/posts"}],"about":[{"href":"https:\/\/www.iscletec.com\/blog\/es\/wp-json\/wp\/v2\/types\/post"}],"author":[{"embeddable":true,"href":"https:\/\/www.iscletec.com\/blog\/es\/wp-json\/wp\/v2\/users\/1"}],"replies":[{"embeddable":true,"href":"https:\/\/www.iscletec.com\/blog\/es\/wp-json\/wp\/v2\/comments?post=3277"}],"version-history":[{"count":11,"href":"https:\/\/www.iscletec.com\/blog\/es\/wp-json\/wp\/v2\/posts\/3277\/revisions"}],"predecessor-version":[{"id":3294,"href":"https:\/\/www.iscletec.com\/blog\/es\/wp-json\/wp\/v2\/posts\/3277\/revisions\/3294"}],"wp:featuredmedia":[{"embeddable":true,"href":"https:\/\/www.iscletec.com\/blog\/es\/wp-json\/wp\/v2\/media\/3295"}],"wp:attachment":[{"href":"https:\/\/www.iscletec.com\/blog\/es\/wp-json\/wp\/v2\/media?parent=3277"}],"wp:term":[{"taxonomy":"category","embeddable":true,"href":"https:\/\/www.iscletec.com\/blog\/es\/wp-json\/wp\/v2\/categories?post=3277"},{"taxonomy":"post_tag","embeddable":true,"href":"https:\/\/www.iscletec.com\/blog\/es\/wp-json\/wp\/v2\/tags?post=3277"}],"curies":[{"name":"wp","href":"https:\/\/api.w.org\/{rel}","templated":true}]}}