{"id":3667,"date":"2024-04-16T09:05:50","date_gmt":"2024-04-16T08:05:50","guid":{"rendered":"https:\/\/iscletec.com\/blog\/?p=3667"},"modified":"2024-04-19T10:51:09","modified_gmt":"2024-04-19T09:51:09","slug":"aires-del-maresme","status":"publish","type":"post","link":"https:\/\/www.iscletec.com\/blog\/es\/aires-del-maresme\/","title":{"rendered":"AIRES DEL MARESME"},"content":{"rendered":"<p><\/p>\n<h2>Blanca, madera verde y cielo azul.<\/h2>\n<p>&nbsp;<\/p>\n<p style=\"text-align: center;\">Presentamos esta preciosa <strong>vivienda unifamiliar<\/strong>, situada en una privilegiada urbanizaci\u00f3n del Maresme.<\/p>\n<p>&nbsp;<\/p>\n<p><img loading=\"lazy\" decoding=\"async\" class=\"aligncenter size-full wp-image-3690\" src=\"https:\/\/www.iscletec.com\/\/blog\/wp-content\/uploads\/2024\/04\/foto-detall-1-1.jpg\" alt=\"\" width=\"1848\" height=\"1472\" srcset=\"https:\/\/www.iscletec.com\/blog\/wp-content\/uploads\/2024\/04\/foto-detall-1-1.jpg 1848w, https:\/\/www.iscletec.com\/blog\/wp-content\/uploads\/2024\/04\/foto-detall-1-1-300x239.jpg 300w, https:\/\/www.iscletec.com\/blog\/wp-content\/uploads\/2024\/04\/foto-detall-1-1-768x612.jpg 768w, https:\/\/www.iscletec.com\/blog\/wp-content\/uploads\/2024\/04\/foto-detall-1-1-1024x816.jpg 1024w\" sizes=\"auto, (max-width: 1848px) 100vw, 1848px\" \/><\/p>\n<p>&nbsp;<\/p>\n<p>Una vivienda rehabilitada por el <a href=\"https:\/\/nodearquitectura.cat\/\">estudio NODE arquitectura<\/a>, que recoge la atemporalidad de la vivienda residencial del Maresme, entre pinos y el omnipresente cielo azul.<\/p>\n<p>&nbsp;<\/p>\n<p>Esta exclusiva casa de una gran planta central, con una segunda altura para las habitaciones, se extiende en el magn\u00edfico jard\u00edn, integr\u00e1ndose en el paisaje a trav\u00e9s de nuestras<strong> balconeras correderas de 2 y 3 hojas<\/strong>, y en la parte superior, amplias <strong>ventanas correderas de dos hojas.<\/strong><\/p>\n<p>&nbsp;<\/p>\n<p>Adem\u00e1s, de unos impresionantes<strong> ventanales fijos<\/strong> tanto en la parte inferior como superior, y otros <strong>cerramientos con apertura oscilobatiente<\/strong>, que proporcionan una fluida ventilaci\u00f3n y refrescan el interior en los meses de verano.<\/p>\n<p>&nbsp;<\/p>\n<p>Destacamos tambi\u00e9n bonitas <strong>puertas practicables con vidrios fijos<\/strong> en algunas de las estancias, y otros detalles de nuestro trabajo, totalmente personalizado.<\/p>\n<p>&nbsp;<\/p>\n<p><img loading=\"lazy\" decoding=\"async\" class=\"aligncenter wp-image-3672 size-full\" src=\"https:\/\/www.iscletec.com\/\/blog\/wp-content\/uploads\/2024\/04\/Copia-de-fotos-blog.jpg\" alt=\"\" width=\"4252\" height=\"2612\" srcset=\"https:\/\/www.iscletec.com\/blog\/wp-content\/uploads\/2024\/04\/Copia-de-fotos-blog.jpg 4252w, https:\/\/www.iscletec.com\/blog\/wp-content\/uploads\/2024\/04\/Copia-de-fotos-blog-300x184.jpg 300w, https:\/\/www.iscletec.com\/blog\/wp-content\/uploads\/2024\/04\/Copia-de-fotos-blog-768x472.jpg 768w, https:\/\/www.iscletec.com\/blog\/wp-content\/uploads\/2024\/04\/Copia-de-fotos-blog-1024x629.jpg 1024w\" sizes=\"auto, (max-width: 4252px) 100vw, 4252px\" \/><\/p>\n<p>&nbsp;<\/p>\n<p><em><strong>Ventanas de Madera<\/strong><\/em><\/p>\n<p><em><strong>Perfil <a href=\"https:\/\/www.iscletec.com\/ventanas-madera-iscletec-78\/es\/\">Iscletec78<\/a><\/strong><\/em><\/p>\n<p>&nbsp;<\/p>\n<p><em><strong>Vidrios bajo emisivos.<\/strong><\/em><\/p>\n<p>&nbsp;<\/p>\n<p>Pino lacado en color verde seda, igualado a las vigas de madera.<\/p>\n<p>&nbsp;<\/p>\n<p>Barniz incoloro en ambas caras, ecol\u00f3gicos y de \u00faltima generaci\u00f3n, muy resistentes al exterior y con protecci\u00f3n a los rayos ultravioletas, evitando las grietas de los barnices sint\u00e9ticos.<\/p>","protected":false},"excerpt":{"rendered":"<p>Blanca, madera verde y cielo azul. &nbsp; Presentamos esta preciosa vivienda unifamiliar, situada en una privilegiada urbanizaci\u00f3n del Maresme. &nbsp; &nbsp; Una vivienda rehabilitada por el estudio NODE arquitectura, que recoge la atemporalidad de la vivienda residencial del Maresme, entre pinos y el omnipresente cielo azul. &nbsp; Esta exclusiva casa de una gran planta central, [&hellip;]<\/p>\n","protected":false},"author":1,"featured_media":3668,"comment_status":"open","ping_status":"open","sticky":false,"template":"","format":"standard","meta":{"_acf_changed":false,"footnotes":""},"categories":[4],"tags":[],"class_list":["post-3667","post","type-post","status-publish","format-standard","has-post-thumbnail","hentry","category-proyectos"],"acf":[],"_links":{"self":[{"href":"https:\/\/www.iscletec.com\/blog\/es\/wp-json\/wp\/v2\/posts\/3667","targetHints":{"allow":["GET"]}}],"collection":[{"href":"https:\/\/www.iscletec.com\/blog\/es\/wp-json\/wp\/v2\/posts"}],"about":[{"href":"https:\/\/www.iscletec.com\/blog\/es\/wp-json\/wp\/v2\/types\/post"}],"author":[{"embeddable":true,"href":"https:\/\/www.iscletec.com\/blog\/es\/wp-json\/wp\/v2\/users\/1"}],"replies":[{"embeddable":true,"href":"https:\/\/www.iscletec.com\/blog\/es\/wp-json\/wp\/v2\/comments?post=3667"}],"version-history":[{"count":16,"href":"https:\/\/www.iscletec.com\/blog\/es\/wp-json\/wp\/v2\/posts\/3667\/revisions"}],"predecessor-version":[{"id":3692,"href":"https:\/\/www.iscletec.com\/blog\/es\/wp-json\/wp\/v2\/posts\/3667\/revisions\/3692"}],"wp:featuredmedia":[{"embeddable":true,"href":"https:\/\/www.iscletec.com\/blog\/es\/wp-json\/wp\/v2\/media\/3668"}],"wp:attachment":[{"href":"https:\/\/www.iscletec.com\/blog\/es\/wp-json\/wp\/v2\/media?parent=3667"}],"wp:term":[{"taxonomy":"category","embeddable":true,"href":"https:\/\/www.iscletec.com\/blog\/es\/wp-json\/wp\/v2\/categories?post=3667"},{"taxonomy":"post_tag","embeddable":true,"href":"https:\/\/www.iscletec.com\/blog\/es\/wp-json\/wp\/v2\/tags?post=3667"}],"curies":[{"name":"wp","href":"https:\/\/api.w.org\/{rel}","templated":true}]}}