{"id":3751,"date":"2024-06-04T09:48:20","date_gmt":"2024-06-04T08:48:20","guid":{"rendered":"https:\/\/www.iscletec.com\/blog\/?p=3751"},"modified":"2024-06-05T08:47:43","modified_gmt":"2024-06-05T07:47:43","slug":"tradicio-familiar","status":"publish","type":"post","link":"https:\/\/www.iscletec.com\/blog\/es\/tradicio-familiar\/","title":{"rendered":"TRADICI\u00d3N FAMILIAR"},"content":{"rendered":"<p><img loading=\"lazy\" decoding=\"async\" src=\"https:\/\/www.iscletec.com\/blog\/wp-content\/uploads\/2024\/06\/ISCLETEC-FOTOS-BLOG-1.jpg\" alt=\"\" width=\"4252\" height=\"2612\" class=\"alignleft size-full wp-image-3783\" srcset=\"https:\/\/www.iscletec.com\/blog\/wp-content\/uploads\/2024\/06\/ISCLETEC-FOTOS-BLOG-1.jpg 4252w, https:\/\/www.iscletec.com\/blog\/wp-content\/uploads\/2024\/06\/ISCLETEC-FOTOS-BLOG-1-300x184.jpg 300w, https:\/\/www.iscletec.com\/blog\/wp-content\/uploads\/2024\/06\/ISCLETEC-FOTOS-BLOG-1-768x472.jpg 768w, https:\/\/www.iscletec.com\/blog\/wp-content\/uploads\/2024\/06\/ISCLETEC-FOTOS-BLOG-1-1024x629.jpg 1024w\" sizes=\"auto, (max-width: 4252px) 100vw, 4252px\" \/><\/p>\n<p>&nbsp;<\/p>\n<p><strong>Ventanas bicolor con persianas de librillo.<\/strong><\/p>\n<p>Presentamos esta singular vivienda unifamiliar, situada en el Maresme.<br \/>\nUna casa que respira \u00abfamilia\u00bb, con agradables espacios para compartir y disfrutar del tiempo libre,\u00a0durante todo el a\u00f1o.<\/p>\n<p>&nbsp;<\/p>\n<p>La vivienda con un elegante dise\u00f1o de la d\u00e9cada de los 70, cuenta con todos los cerramientos exteriores en madera natural. Ventanas y correderas de pino que gracias a un buen mantenimiento se conservan en perfecto estado. Sin embargo, en las zonas m\u00e1s expuestas si que se requer\u00eda una renovaci\u00f3n por nuevas ventanas de madera, que siguieran la est\u00e9tica original.<\/p>\n<p>&nbsp;<\/p>\n<p><strong>Pino natural bicolor<\/strong><br \/>\n<strong>Interior lacado en blanco &#8211; Exterior tinte en marr\u00f3n moca.<\/strong><\/p>\n<p>&nbsp;<\/p>\n<p><img loading=\"lazy\" decoding=\"async\" class=\"alignleft size-full wp-image-3758\" src=\"https:\/\/www.iscletec.com\/blog\/wp-content\/uploads\/2024\/06\/4.jpg\" alt=\"\" width=\"4252\" height=\"2612\" srcset=\"https:\/\/www.iscletec.com\/blog\/wp-content\/uploads\/2024\/06\/4.jpg 4252w, https:\/\/www.iscletec.com\/blog\/wp-content\/uploads\/2024\/06\/4-300x184.jpg 300w, https:\/\/www.iscletec.com\/blog\/wp-content\/uploads\/2024\/06\/4-768x472.jpg 768w, https:\/\/www.iscletec.com\/blog\/wp-content\/uploads\/2024\/06\/4-1024x629.jpg 1024w\" sizes=\"auto, (max-width: 4252px) 100vw, 4252px\" \/><br \/>\n&nbsp;<br \/>\n<strong>Iscletec ha dise\u00f1ado y fabricado las nuevas ventanas de la planta baja, con perfil Iscletec78.<\/strong><\/p>\n<ul>\n<li>Ventanas que igualan el dise\u00f1o original, pero con las \u00faltimas prestaciones en aislamiento y seguridad.<br \/>\n<a href=\"https:\/\/www.iscletec.com\/vidrios-aislamiento-acustico-termico\/es\/\">Vidrios baja emisivos &#8211; ampliar info<\/a><\/li>\n<li>Herrajes con apertura oscilobatiente (en este caso, el cliente tambi\u00e9n los solicit\u00f3 en color blanco)<br \/>\n<a href=\"https:\/\/www.iscletec.com\/herrajes-ventanas-madera\/es\/\">Sistema de alarma integrado &#8211; ampliar info.<\/a><\/li>\n<\/ul>\n<p>&nbsp;<\/p>\n<p><img loading=\"lazy\" decoding=\"async\" class=\"alignleft size-full wp-image-3759\" src=\"https:\/\/www.iscletec.com\/blog\/wp-content\/uploads\/2024\/06\/5.jpg\" alt=\"\" width=\"4252\" height=\"2612\" srcset=\"https:\/\/www.iscletec.com\/blog\/wp-content\/uploads\/2024\/06\/5.jpg 4252w, https:\/\/www.iscletec.com\/blog\/wp-content\/uploads\/2024\/06\/5-300x184.jpg 300w, https:\/\/www.iscletec.com\/blog\/wp-content\/uploads\/2024\/06\/5-768x472.jpg 768w, https:\/\/www.iscletec.com\/blog\/wp-content\/uploads\/2024\/06\/5-1024x629.jpg 1024w\" sizes=\"auto, (max-width: 4252px) 100vw, 4252px\" \/><\/p>\n<p>&nbsp;<\/p>\n<p><strong>Sobrias, c\u00e1lidas y confortables, a lo largo de los a\u00f1os&#8230;<span class=\"hiddenSpellError\" style=\"padding-bottom: 2px; background-image: url('..\/..\/..\/..\/..\/images\/squiggle_red.png'); background-repeat: repeat-x; background-position: left bottom; cursor: default; color: #000000; font-family: 'Open Sans', Helvetica, Arial, sans-serif; font-size: 16px; font-style: normal; font-variant-ligatures: normal; font-variant-caps: normal; letter-spacing: normal; orphans: 2; text-align: start; text-indent: 0px; text-transform: none; widows: 2; word-spacing: 0px; -webkit-text-stroke-width: 0px; white-space: normal; text-decoration-thickness: initial; text-decoration-style: initial; text-decoration-color: initial;\"><br \/>\n<\/span><\/strong><\/p>\n<p><strong>El lacado en color blanco<\/strong>, incluido los herrajes, aportan al interior una mayor luminosidad y amplitud.<br \/>\nEn el exterior, <strong>el pino ha sido tratado con tinte y barniz ecol\u00f3gico<\/strong>, en color marr\u00f3n moca.<br \/>\nUn elegante tono, totalmente personalizado, para igualar el color de los actuales cerramientos y portones.<br \/>\nUn tratamiento que protege y aumenta la durabilidad de la madera en el exterior, preservando el texturado natural y dibujo de las vetas del pino.<\/p>\n<p>&nbsp;<\/p>\n<p><img loading=\"lazy\" decoding=\"async\" class=\"alignleft size-full wp-image-3760\" src=\"https:\/\/www.iscletec.com\/blog\/wp-content\/uploads\/2024\/06\/6.jpg\" alt=\"\" width=\"4252\" height=\"2612\" srcset=\"https:\/\/www.iscletec.com\/blog\/wp-content\/uploads\/2024\/06\/6.jpg 4252w, https:\/\/www.iscletec.com\/blog\/wp-content\/uploads\/2024\/06\/6-300x184.jpg 300w, https:\/\/www.iscletec.com\/blog\/wp-content\/uploads\/2024\/06\/6-768x472.jpg 768w, https:\/\/www.iscletec.com\/blog\/wp-content\/uploads\/2024\/06\/6-1024x629.jpg 1024w\" sizes=\"auto, (max-width: 4252px) 100vw, 4252px\" \/><\/p>\n<p><img loading=\"lazy\" decoding=\"async\" class=\"alignleft size-full wp-image-3761\" src=\"https:\/\/www.iscletec.com\/blog\/wp-content\/uploads\/2024\/06\/7.jpg\" alt=\"\" width=\"4252\" height=\"2612\" srcset=\"https:\/\/www.iscletec.com\/blog\/wp-content\/uploads\/2024\/06\/7.jpg 4252w, https:\/\/www.iscletec.com\/blog\/wp-content\/uploads\/2024\/06\/7-300x184.jpg 300w, https:\/\/www.iscletec.com\/blog\/wp-content\/uploads\/2024\/06\/7-768x472.jpg 768w, https:\/\/www.iscletec.com\/blog\/wp-content\/uploads\/2024\/06\/7-1024x629.jpg 1024w\" sizes=\"auto, (max-width: 4252px) 100vw, 4252px\" \/><\/p>\n<p>&nbsp;<\/p>\n<p><strong>Portones m\u00f3viles de librillo<\/strong><br \/>\nProtecci\u00f3n y control solar, aumentando el confort y eficiencia energ\u00e9tica en el interior<br \/>\nIscletec cuenta con la \u00faltima tecnolog\u00eda en maquinaria de control num\u00e9rico &#8211; Winline16.<\/p>\n<p><strong>Dise\u00f1amos y fabricamos cualquier tipo de cerramiento en madera, con mecanizados y formas especiales, desde portones de librillo m\u00f3viles hasta complejas correderas de varios carriles instaladas a cota cero, galandage o en esquina.<\/strong><\/p>\n<p>&nbsp;<\/p>\n<p><img loading=\"lazy\" decoding=\"async\" class=\"alignleft size-full wp-image-3762\" src=\"https:\/\/www.iscletec.com\/blog\/wp-content\/uploads\/2024\/06\/ISCLETEC-FOTOS-BLOG.jpg\" alt=\"\" width=\"4252\" height=\"2612\" srcset=\"https:\/\/www.iscletec.com\/blog\/wp-content\/uploads\/2024\/06\/ISCLETEC-FOTOS-BLOG.jpg 4252w, https:\/\/www.iscletec.com\/blog\/wp-content\/uploads\/2024\/06\/ISCLETEC-FOTOS-BLOG-300x184.jpg 300w, https:\/\/www.iscletec.com\/blog\/wp-content\/uploads\/2024\/06\/ISCLETEC-FOTOS-BLOG-768x472.jpg 768w, https:\/\/www.iscletec.com\/blog\/wp-content\/uploads\/2024\/06\/ISCLETEC-FOTOS-BLOG-1024x629.jpg 1024w\" sizes=\"auto, (max-width: 4252px) 100vw, 4252px\" \/><\/p>","protected":false},"excerpt":{"rendered":"<p>&nbsp; Ventanas bicolor con persianas de librillo. Presentamos esta singular vivienda unifamiliar, situada en el Maresme. Una casa que respira \u00abfamilia\u00bb, con agradables espacios para compartir y disfrutar del tiempo libre,\u00a0durante todo el a\u00f1o. &nbsp; La vivienda con un elegante dise\u00f1o de la d\u00e9cada de los 70, cuenta con todos los cerramientos exteriores en madera [&hellip;]<\/p>\n","protected":false},"author":1,"featured_media":3780,"comment_status":"open","ping_status":"open","sticky":false,"template":"","format":"standard","meta":{"_acf_changed":false,"footnotes":""},"categories":[4],"tags":[],"class_list":["post-3751","post","type-post","status-publish","format-standard","has-post-thumbnail","hentry","category-proyectos"],"acf":[],"_links":{"self":[{"href":"https:\/\/www.iscletec.com\/blog\/es\/wp-json\/wp\/v2\/posts\/3751","targetHints":{"allow":["GET"]}}],"collection":[{"href":"https:\/\/www.iscletec.com\/blog\/es\/wp-json\/wp\/v2\/posts"}],"about":[{"href":"https:\/\/www.iscletec.com\/blog\/es\/wp-json\/wp\/v2\/types\/post"}],"author":[{"embeddable":true,"href":"https:\/\/www.iscletec.com\/blog\/es\/wp-json\/wp\/v2\/users\/1"}],"replies":[{"embeddable":true,"href":"https:\/\/www.iscletec.com\/blog\/es\/wp-json\/wp\/v2\/comments?post=3751"}],"version-history":[{"count":22,"href":"https:\/\/www.iscletec.com\/blog\/es\/wp-json\/wp\/v2\/posts\/3751\/revisions"}],"predecessor-version":[{"id":3784,"href":"https:\/\/www.iscletec.com\/blog\/es\/wp-json\/wp\/v2\/posts\/3751\/revisions\/3784"}],"wp:featuredmedia":[{"embeddable":true,"href":"https:\/\/www.iscletec.com\/blog\/es\/wp-json\/wp\/v2\/media\/3780"}],"wp:attachment":[{"href":"https:\/\/www.iscletec.com\/blog\/es\/wp-json\/wp\/v2\/media?parent=3751"}],"wp:term":[{"taxonomy":"category","embeddable":true,"href":"https:\/\/www.iscletec.com\/blog\/es\/wp-json\/wp\/v2\/categories?post=3751"},{"taxonomy":"post_tag","embeddable":true,"href":"https:\/\/www.iscletec.com\/blog\/es\/wp-json\/wp\/v2\/tags?post=3751"}],"curies":[{"name":"wp","href":"https:\/\/api.w.org\/{rel}","templated":true}]}}