{"id":93,"date":"2012-11-27T15:31:42","date_gmt":"2012-11-27T15:31:42","guid":{"rendered":"http:\/\/iscletec.com\/blog\/?p=93"},"modified":"2013-07-15T09:27:33","modified_gmt":"2013-07-15T09:27:33","slug":"silencioso-renacer-de-leixample-redefinimos-la-calidad-y-el-bienestar-en-tu-hogar","status":"publish","type":"post","link":"https:\/\/www.iscletec.com\/blog\/es\/silencioso-renacer-de-leixample-redefinimos-la-calidad-y-el-bienestar-en-tu-hogar\/","title":{"rendered":"Silencioso renacer de L&#8217;Eixample, redefinimos la calidad y el bienestar en tu hogar"},"content":{"rendered":"<p><a href=\"https:\/\/iscletec.com\/blog\/wp-content\/uploads\/2012\/11\/eixample.jpg\"><img loading=\"lazy\" decoding=\"async\" class=\"aligncenter size-full wp-image-94\" title=\"eixample\" src=\"https:\/\/iscletec.com\/blog\/wp-content\/uploads\/2012\/11\/eixample.jpg\" alt=\"\" width=\"646\" height=\"229\" \/><\/a><\/p>\n<p><strong>Iscletec este mes ha alcanzado la cifra de 100, en el conocido barrio de L\u00b4Eixample:<\/strong><br \/>\n100 son las viviendas que Iscletec ha reformado con nuevos cerramientos exteriores:<br \/>\nventanas de madera laminada y porticones de madera, que gracias a la tecnolog\u00eda de \u00faltima generaci\u00f3n y a la calidad de sus materiales, ya son 100 familias que en estos \u00faltimos a\u00f1os disfrutan del bienestar de confiar en una de las empresas referentes en la fabricaci\u00f3n de ventanas y cerramientos de madera de alta-calidad, con dise\u00f1os a medida fieles a las formas de los porticones y ventanales de edificios de gran valor hist\u00f3rico y cultural.<\/p>\n<p><a href=\"https:\/\/iscletec.com\/blog\/wp-content\/uploads\/2012\/11\/ventanaiscletec.jpg\"><img loading=\"lazy\" decoding=\"async\" class=\"alignleft size-medium wp-image-95\" title=\"ventanaiscletec\" src=\"https:\/\/iscletec.com\/blog\/wp-content\/uploads\/2012\/11\/ventanaiscletec-270x300.jpg\" alt=\"\" width=\"270\" height=\"300\" \/><\/a>Todos los proyectos han sido realizados con las ventanas <strong>Iscletec 68 e Iscletec 78, ventanas de madera laminada o mixta, con herrajes de las firmas Roto Frank y GU, y en todos los casos, los cristales utilizados de una o doble c\u00e1mara, han sido los reconocidos Cristales Climalit Silence de la prestigiosa casa Saint Gobain Glass:<\/strong><br \/>\n<a href=\"http:\/\/es.saint-gobain-glass.com\/b2c\/default.asp?nav1=pr&amp;nav2=double%20pane&amp;id=1983\" target=\"_blank\"> SGG Climalit Silence<\/a> integra en su composici\u00f3n un acristalamiento laminado de seguridad, SGG Stadip Silence, con excepcionales prestaciones de aislamiento ac\u00fastico. SGG STADIP SILENCE est\u00e1 formado por dos vidrios ensamblados gracias a una pel\u00edcula pl\u00e1stica (film pvb).<br \/>\nEste film pvb Silence ha sido desarrollado expresamente para reforzar el aislamiento ac\u00fastico del acristalamiento laminado y\/o de SGG Climalit cuando SGG Stadip Silence se integra en el doble acristalamiento.<\/p>\n<p><strong>Los dise\u00f1os y colores han sido desarrollados en todos los proyectos de forma individual y personalizada<\/strong>, realizando cada proyecto a medida, con el objetivo de ser lo m\u00e1s fiel a las ventanas y porticones originales, respetando las formas modernistas, los librillos de los porticones, el dise\u00f1o de los ventanales,\u2026habiendo obras con replicas exactas en edificios de gran valor hist\u00f3rico.<\/p>\n<p><img loading=\"lazy\" decoding=\"async\" class=\"alignright size-medium wp-image-98\" style=\"border-color: #bbbbbb; margin-top: 0.4em; background-color: #eeeeee;\" title=\"ventanas-madera\" src=\"https:\/\/iscletec.com\/blog\/wp-content\/uploads\/2012\/11\/ventanas-madera-300x162.jpg\" alt=\"\" width=\"300\" height=\"162\" \/>L<strong>os colores, fieles a la normativa crom\u00e1tica de Barcelona, se han realizado a medida<\/strong> o seleccionado de la carta Ral, con las m\u00e1ximas garant\u00edas de durabilidad y estanqueidad, usando <strong>barnices inodoros y de f\u00e1cil mantenimiento, 100% s\u00f3lidos al agua, ecol\u00f3gicos y de \u00faltima generaci\u00f3n, respetando la transpiraci\u00f3n, textura y veteado natural de la madera<\/strong>. Muy resistentes al exterior y con protecci\u00f3n a los rayos ultravioletas, evitando las grietas de los barnices sint\u00e9ticos.<\/p>\n<p>Iscletec, realiza todo el proceso productivo de forma integral, contando con un equipo t\u00e9cnico (departamento de dise\u00f1o e I+D), maquinaria de \u00faltima generaci\u00f3n y personal formado permanente con los \u00faltimos avances t\u00e9cnicos.<\/p>\n<p><a href=\"https:\/\/iscletec.com\/blog\/wp-content\/uploads\/2012\/11\/bcn.jpg\"><img loading=\"lazy\" decoding=\"async\" class=\"aligncenter size-full wp-image-97\" title=\"bcn\" src=\"https:\/\/iscletec.com\/blog\/wp-content\/uploads\/2012\/11\/bcn.jpg\" alt=\"\" width=\"646\" height=\"229\" \/><\/a><\/p>\n<p><strong>Si desea m\u00e1s informaci\u00f3n, o prefiere visitar sus instalaciones en la bonita poblaci\u00f3n de Sant Iscle de Vallalta, a tan solo 40Km de Barcelona, no dude en ponerse en contacto:<\/strong><br \/>\n<strong> T. +34 93 794 62 02 <a href=\"mailto:iscletec@iscletec.com\">iscletec@iscletec.com<\/a><\/strong><\/p>","protected":false},"excerpt":{"rendered":"<p>Iscletec este mes ha alcanzado la cifra de 100, en el conocido barrio de L\u00b4Eixample: 100 son las viviendas que Iscletec ha reformado con nuevos cerramientos exteriores: ventanas de madera laminada y porticones de madera, que gracias a la tecnolog\u00eda de \u00faltima generaci\u00f3n y a la calidad de sus materiales, ya son 100 familias que [&hellip;]<\/p>\n","protected":false},"author":1,"featured_media":0,"comment_status":"open","ping_status":"open","sticky":false,"template":"","format":"standard","meta":{"_acf_changed":false,"footnotes":""},"categories":[],"tags":[],"class_list":["post-93","post","type-post","status-publish","format-standard","hentry"],"acf":[],"_links":{"self":[{"href":"https:\/\/www.iscletec.com\/blog\/es\/wp-json\/wp\/v2\/posts\/93","targetHints":{"allow":["GET"]}}],"collection":[{"href":"https:\/\/www.iscletec.com\/blog\/es\/wp-json\/wp\/v2\/posts"}],"about":[{"href":"https:\/\/www.iscletec.com\/blog\/es\/wp-json\/wp\/v2\/types\/post"}],"author":[{"embeddable":true,"href":"https:\/\/www.iscletec.com\/blog\/es\/wp-json\/wp\/v2\/users\/1"}],"replies":[{"embeddable":true,"href":"https:\/\/www.iscletec.com\/blog\/es\/wp-json\/wp\/v2\/comments?post=93"}],"version-history":[{"count":10,"href":"https:\/\/www.iscletec.com\/blog\/es\/wp-json\/wp\/v2\/posts\/93\/revisions"}],"predecessor-version":[{"id":213,"href":"https:\/\/www.iscletec.com\/blog\/es\/wp-json\/wp\/v2\/posts\/93\/revisions\/213"}],"wp:attachment":[{"href":"https:\/\/www.iscletec.com\/blog\/es\/wp-json\/wp\/v2\/media?parent=93"}],"wp:term":[{"taxonomy":"category","embeddable":true,"href":"https:\/\/www.iscletec.com\/blog\/es\/wp-json\/wp\/v2\/categories?post=93"},{"taxonomy":"post_tag","embeddable":true,"href":"https:\/\/www.iscletec.com\/blog\/es\/wp-json\/wp\/v2\/tags?post=93"}],"curies":[{"name":"wp","href":"https:\/\/api.w.org\/{rel}","templated":true}]}}