{"id":1388,"date":"2018-05-07T07:27:23","date_gmt":"2018-05-07T07:27:23","guid":{"rendered":"http:\/\/iscletec.com\/blog\/?p=1388"},"modified":"2018-08-01T12:06:47","modified_gmt":"2018-08-01T12:06:47","slug":"la-casa-del-ebanista-recuperando-la-memoria-del-poblenou","status":"publish","type":"post","link":"https:\/\/www.iscletec.com\/blog\/la-casa-del-ebanista-recuperando-la-memoria-del-poblenou\/","title":{"rendered":"La Casa de l\u2019Ebenista: recuperant la mem\u00f2ria del  Poblenou"},"content":{"rendered":"<p><a href=\"https:\/\/iscletec.com\/blog\/wp-content\/uploads\/2018\/05\/alessandro1.jpg\"><img loading=\"lazy\" decoding=\"async\" src=\"https:\/\/iscletec.com\/blog\/wp-content\/uploads\/2018\/05\/alessandro1.jpg\" alt=\"LANDING-CASA-mar2\" width=\"1281\" height=\"721\" class=\"alignnone size-full wp-image-1389\" \/><\/a><br \/>\nUn<a href=\"https:\/\/iscletec.com\/casaebanista-iscletec.php?i=2\" target=\"_blank\"> nou projecte <\/a>de rehabilitaci\u00f3 a Barcelona refor\u00e7a i consolida la campanya <a href=\"https:\/\/iscletec.com\/ventanasbarcelona.php?i=2\" target=\"_blank\">#VestimosBarcelona<\/a>. L&#8217;objectiu de les intervencions d&#8217;Iscletec a la capital de Catalunya es fonamenta en <b>recuperar i mantenir l&#8217;ess\u00e8ncia modernista i la tradici\u00f3 de la seva arquitectura original, per\u00f2 atorgant elements de modernitat i els m\u00e9s innovadors sistemes de tancaments per proporcionar un perfecte a\u00efllament t\u00e8rmic i ac\u00fastic.<\/b><\/p>\n<p><b>RECONSTRUIR EL PASSAT<\/b><br \/>\nEls encarregats d&#8217;aquesta reforma, Alessandro Sannino i Anna Mezquita d&#8217;<a href=\"http:\/\/aiastudio.wordpress.com\/\" target=\"_blank\">AIAstudio Arquitectes,<\/a> han nomenat al projecte La casa de l&#8217;Ebenista, doncs originalment va ser l&#8217;habitatge privat d&#8217;un dels m\u00e9s coneguts ebenistes del Poblenou, el taller del qual se situava en una de les f\u00e0briques contig\u00fces a l&#8217;habitatge. Per aquest motiu, i per les prec\u00e0ries condicions en les quals es trobava l&#8217;immoble en els seus inicis, es tracta d&#8217;un treball de rehabilitaci\u00f3 especialment ardu consistent de recuperar tots els elements decoratius de fusta presents en diversos \u00e0mbits de la casa.<\/p>\n<p>La tasca dels arquitectes va radicar a <b>\u201cmantenir els trets hist\u00f2rics intr\u00ednsecs de la casa i anar-la omplint amb les viv\u00e8ncies \u00edntimes actuals del que l&#8217;habita.\u201d<\/b> Per a aix\u00f2 el seu objectiu va ser el de recuperar tots aquells elements originals de la casa: paviment, cornises, vidrieres, portes, decorats de llaut\u00f3, etc. <\/p>\n<p>L&#8217;obra consta de 136m2 de superf\u00edcie constru\u00efda amb una distribuci\u00f3 en planta pr\u00e0cticament id\u00e8ntica a qualsevol habitatge de l&#8217;Eixample Barcelon\u00ed, per\u00f2 en aquest cas situada entre les f\u00e0briques de l&#8217;emergent barri del Poblenou.<\/p>\n<p><a href=\"https:\/\/iscletec.com\/casaebanista-iscletec.php?i=2\" target=\"_blank\">VEURE PROJECTE<\/a><\/p>\n<div><span class=\"sitemblogcategorytags\">Tags: <a href='\/blog\/ca\/tag\/arquitectos' title='arquitectos Tag' class='arquitectos'>arquitectos<\/a><span class='scoma' style='float:none'>, <\/span> <a href='\/blog\/ca\/tag\/balconeras' title='balconeras Tag' class='balconeras'>balconeras<\/a><span class='scoma' style='float:none'>, <\/span> <a href='\/blog\/ca\/tag\/barcelona' title='Barcelona Tag' class='barcelona'>Barcelona<\/a><span class='scoma' style='float:none'>, <\/span> <a href='\/blog\/ca\/tag\/puertas' title='puertas Tag' class='puertas'>puertas<\/a><span class='scoma' style='float:none'>, <\/span> <a href='\/blog\/ca\/tag\/residencial' title='Residencial Tag' class='residencial'>Residencial<\/a><span class='scoma' style='float:none'>, <\/span> <a href='\/blog\/ca\/tag\/ventanas' title='ventanas Tag' class='ventanas'>ventanas<\/a><span class='scoma' style='float:none'>, <\/span> <a href='\/blog\/ca\/tag\/vivienda' title='Vivienda Tag' class='vivienda'>Vivienda<\/a><span class='scoma' style='float:none'>, <\/span> <\/span><\/div>","protected":false},"excerpt":{"rendered":"<p>Un nou projecte de rehabilitaci\u00f3 a Barcelona refor\u00e7a i consolida la campanya #VestimosBarcelona. L&#8217;objectiu de les intervencions d&#8217;Iscletec a la capital de Catalunya es fonamenta en recuperar i mantenir l&#8217;ess\u00e8ncia modernista i la tradici\u00f3 de la seva arquitectura original, per\u00f2 atorgant elements de modernitat i els m\u00e9s innovadors sistemes de tancaments per proporcionar un perfecte [&hellip;]<\/p>\n","protected":false},"author":1,"featured_media":0,"comment_status":"closed","ping_status":"closed","sticky":false,"template":"","format":"standard","meta":{"_acf_changed":false,"footnotes":""},"categories":[3,28,4],"tags":[29,20,38,19,57,18,55],"class_list":["post-1388","post","type-post","status-publish","format-standard","hentry","category-vestimosbarcelona","category-arquitectos","category-proyectos","tag-arquitectos","tag-balconeras","tag-barcelona","tag-puertas","tag-residencial","tag-ventanas","tag-vivienda"],"acf":[],"_links":{"self":[{"href":"https:\/\/www.iscletec.com\/blog\/wp-json\/wp\/v2\/posts\/1388","targetHints":{"allow":["GET"]}}],"collection":[{"href":"https:\/\/www.iscletec.com\/blog\/wp-json\/wp\/v2\/posts"}],"about":[{"href":"https:\/\/www.iscletec.com\/blog\/wp-json\/wp\/v2\/types\/post"}],"author":[{"embeddable":true,"href":"https:\/\/www.iscletec.com\/blog\/wp-json\/wp\/v2\/users\/1"}],"replies":[{"embeddable":true,"href":"https:\/\/www.iscletec.com\/blog\/wp-json\/wp\/v2\/comments?post=1388"}],"version-history":[{"count":2,"href":"https:\/\/www.iscletec.com\/blog\/wp-json\/wp\/v2\/posts\/1388\/revisions"}],"predecessor-version":[{"id":1523,"href":"https:\/\/www.iscletec.com\/blog\/wp-json\/wp\/v2\/posts\/1388\/revisions\/1523"}],"wp:attachment":[{"href":"https:\/\/www.iscletec.com\/blog\/wp-json\/wp\/v2\/media?parent=1388"}],"wp:term":[{"taxonomy":"category","embeddable":true,"href":"https:\/\/www.iscletec.com\/blog\/wp-json\/wp\/v2\/categories?post=1388"},{"taxonomy":"post_tag","embeddable":true,"href":"https:\/\/www.iscletec.com\/blog\/wp-json\/wp\/v2\/tags?post=1388"}],"curies":[{"name":"wp","href":"https:\/\/api.w.org\/{rel}","templated":true}]}}