{"id":1771,"date":"2019-05-03T13:01:30","date_gmt":"2019-05-03T12:01:30","guid":{"rendered":"https:\/\/iscletec.com\/blog\/?p=1771"},"modified":"2019-05-03T13:01:30","modified_gmt":"2019-05-03T12:01:30","slug":"el-projecte-to-creat-juntament-amb-iscletec","status":"publish","type":"post","link":"https:\/\/www.iscletec.com\/blog\/el-projecte-to-creat-juntament-amb-iscletec\/","title":{"rendered":"El projecte &#8220;TO&#8221; creat juntament amb Iscletec"},"content":{"rendered":"<p><img loading=\"lazy\" decoding=\"async\" class=\"alignnone size-full wp-image-1772\" src=\"https:\/\/www.iscletec.com\/\/blog\/wp-content\/uploads\/2019\/05\/solar-decathlon-proyecto-to.jpg\" alt=\"\" width=\"1281\" height=\"721\" srcset=\"https:\/\/www.iscletec.com\/blog\/wp-content\/uploads\/2019\/05\/solar-decathlon-proyecto-to.jpg 1281w, https:\/\/www.iscletec.com\/blog\/wp-content\/uploads\/2019\/05\/solar-decathlon-proyecto-to-300x169.jpg 300w, https:\/\/www.iscletec.com\/blog\/wp-content\/uploads\/2019\/05\/solar-decathlon-proyecto-to-768x432.jpg 768w, https:\/\/www.iscletec.com\/blog\/wp-content\/uploads\/2019\/05\/solar-decathlon-proyecto-to-1024x576.jpg 1024w\" sizes=\"auto, (max-width: 1281px) 100vw, 1281px\" \/><\/p>\n<p><strong><em>Com hem anat avan\u00e7ant, Iscletec participa un any m\u00e9s en el m\u00e0xim exponent de la construcci\u00f3 sostenible del dem\u00e0 en un acord amb la Universitat Polit\u00e8cnica de Catalunya.<\/em> <\/strong>Per a aix\u00f2, est\u00e0 fabricant tancaments per a un nou habitatge amb finestres Iscletec78 i textures ALMA, que es presentar\u00e0 al <strong>SOLAR DECATHLON EUROPE 2019<\/strong> a Hongria.<\/p>\n<p>El projecte &#8220;TO&#8221; segueix avan\u00e7ant amb la mateixa il\u00b7lusi\u00f3, esfor\u00e7 i comprom\u00eds dels seus creadors: un grup d&#8217;estudiants de la UPC i de l&#8217;ETSAV. Us posem al dia dels seus \u00faltims aven\u00e7os:<\/p>\n<p><strong>Taula rodona al Roca Barcelona Gallery<\/strong><\/p>\n<p>El passat 13 de mar\u00e7, TO va participar a la taula rodona &#8220;Revoluci\u00f3 en la construcci\u00f3: en sintonia amb la natura&#8221; organitzada per Roca Barcelona Gallery en el marc de l&#8217;exposici\u00f3 &#8220;Gratacels de Fusta&#8221;. Una gran oportunitat per compartir coneixements en el camp de la construcci\u00f3 en fusta i per donar a con\u00e8ixer el projecte en un espai molt innovador.<\/p>\n<p><strong>Nou taller<\/strong><\/p>\n<p>Des de la seva nou taller, en el qual es van instal\u00b7lar el passat 25 de mar\u00e7, han anat treballant amb el nou prototip TO, del qual ja han comen\u00e7at a fabricar els murs d&#8217;entramat lleuger, els murs intel\u00b7ligents amb un alt nivell d&#8217;a\u00efllament i el muntatge de les bigues de forjat.<\/p>\n<p><strong>Us seguirem informant dels aven\u00e7os d&#8217;aquest projecte.<\/strong><\/p>","protected":false},"excerpt":{"rendered":"<p>Com hem anat avan\u00e7ant, Iscletec participa un any m\u00e9s en el m\u00e0xim exponent de la construcci\u00f3 sostenible del dem\u00e0 en un acord amb la Universitat Polit\u00e8cnica de Catalunya. Per a aix\u00f2, est\u00e0 fabricant tancaments per a un nou habitatge amb finestres Iscletec78 i textures ALMA, que es presentar\u00e0 al SOLAR DECATHLON EUROPE 2019 a Hongria. [&hellip;]<\/p>\n","protected":false},"author":1,"featured_media":0,"comment_status":"open","ping_status":"open","sticky":false,"template":"","format":"standard","meta":{"_acf_changed":false,"footnotes":""},"categories":[4],"tags":[],"class_list":["post-1771","post","type-post","status-publish","format-standard","hentry","category-proyectos"],"acf":[],"_links":{"self":[{"href":"https:\/\/www.iscletec.com\/blog\/wp-json\/wp\/v2\/posts\/1771","targetHints":{"allow":["GET"]}}],"collection":[{"href":"https:\/\/www.iscletec.com\/blog\/wp-json\/wp\/v2\/posts"}],"about":[{"href":"https:\/\/www.iscletec.com\/blog\/wp-json\/wp\/v2\/types\/post"}],"author":[{"embeddable":true,"href":"https:\/\/www.iscletec.com\/blog\/wp-json\/wp\/v2\/users\/1"}],"replies":[{"embeddable":true,"href":"https:\/\/www.iscletec.com\/blog\/wp-json\/wp\/v2\/comments?post=1771"}],"version-history":[{"count":1,"href":"https:\/\/www.iscletec.com\/blog\/wp-json\/wp\/v2\/posts\/1771\/revisions"}],"predecessor-version":[{"id":1773,"href":"https:\/\/www.iscletec.com\/blog\/wp-json\/wp\/v2\/posts\/1771\/revisions\/1773"}],"wp:attachment":[{"href":"https:\/\/www.iscletec.com\/blog\/wp-json\/wp\/v2\/media?parent=1771"}],"wp:term":[{"taxonomy":"category","embeddable":true,"href":"https:\/\/www.iscletec.com\/blog\/wp-json\/wp\/v2\/categories?post=1771"},{"taxonomy":"post_tag","embeddable":true,"href":"https:\/\/www.iscletec.com\/blog\/wp-json\/wp\/v2\/tags?post=1771"}],"curies":[{"name":"wp","href":"https:\/\/api.w.org\/{rel}","templated":true}]}}