{"id":1869,"date":"2019-10-03T11:30:05","date_gmt":"2019-10-03T10:30:05","guid":{"rendered":"https:\/\/iscletec.com\/blog\/?p=1869"},"modified":"2019-10-03T11:30:05","modified_gmt":"2019-10-03T10:30:05","slug":"ventana-alma-showroom","status":"publish","type":"post","link":"https:\/\/www.iscletec.com\/blog\/ventana-alma-showroom\/","title":{"rendered":"La primera finestra ALMA al nostre Showroom"},"content":{"rendered":"<p><img loading=\"lazy\" decoding=\"async\" class=\"alignnone size-full wp-image-1871\" src=\"https:\/\/www.iscletec.com\/\/blog\/wp-content\/uploads\/2019\/10\/NOTICIA_ALMA_2_10.jpg\" alt=\"alma-ventana\" width=\"1281\" height=\"721\" srcset=\"https:\/\/www.iscletec.com\/blog\/wp-content\/uploads\/2019\/10\/NOTICIA_ALMA_2_10.jpg 1281w, https:\/\/www.iscletec.com\/blog\/wp-content\/uploads\/2019\/10\/NOTICIA_ALMA_2_10-300x169.jpg 300w, https:\/\/www.iscletec.com\/blog\/wp-content\/uploads\/2019\/10\/NOTICIA_ALMA_2_10-768x432.jpg 768w, https:\/\/www.iscletec.com\/blog\/wp-content\/uploads\/2019\/10\/NOTICIA_ALMA_2_10-1024x576.jpg 1024w\" sizes=\"auto, (max-width: 1281px) 100vw, 1281px\" \/><\/p>\n<p><strong>ALMA<\/strong> \u00e9s un innovador concepte d&#8217;ISCLETEC que permet <a href=\"https:\/\/www.iscletec.com\/\/texturas.php?i=2\">textures en la fusta<\/a> dels marcs interiors de les finestres, portes i balconeres. Amb aix\u00f2 aconseguim un acabat m\u00e9s personalitzat i, un estil diferent i \u00fanic.<\/p>\n<p>Vine a con\u00e8ixer la primera finestra ALMA, al nostre <a href=\"https:\/\/www.iscletec.com\/\/showroom.php?i=2\">Showroom<\/a>, es tracta d&#8217;una finestra amb la nostra textura <strong>&#8220;tall de serra&#8221;<\/strong>, amb fusta de Roure texturitzat.<\/p>\n<p>Per potenciar l&#8217;est\u00e8tica i donar-li protagonisme a la finestra, incorpora <strong>ferraments completament ocults<\/strong> de MACO amb el model <strong>TRIPCOAT PLUS<\/strong>.<\/p>\n<p>Aquest ferrament invisible \u00e9s anti-corrosiu i de m\u00e0xima durabilitat, a m\u00e9s de les avantatges que obtenim com l&#8217;\u00f2ptima visibilitat entre els espais i la m\u00e0xima entrada de llum.<\/p>\n<p>Vine a con\u00e8ixer aquest model i l&#8217;\u00e0mplia gamma de producte d&#8217;ISCLETEC, al nostre <a href=\"https:\/\/www.iscletec.com\/\/showroom.php?i=2\">Showroom<\/a>.<\/p>\n<p>Per visitar el nostre Showroom, reserva cita pr\u00e8via <a href=\"https:\/\/www.iscletec.com\/\/showroom.php?i=2\">aqu\u00ed<\/a>.<\/p>","protected":false},"excerpt":{"rendered":"<p>ALMA \u00e9s un innovador concepte d&#8217;ISCLETEC que permet textures en la fusta dels marcs interiors de les finestres, portes i balconeres. Amb aix\u00f2 aconseguim un acabat m\u00e9s personalitzat i, un estil diferent i \u00fanic. Vine a con\u00e8ixer la primera finestra ALMA, al nostre Showroom, es tracta d&#8217;una finestra amb la nostra textura &#8220;tall de serra&#8221;, [&hellip;]<\/p>\n","protected":false},"author":1,"featured_media":0,"comment_status":"open","ping_status":"open","sticky":false,"template":"","format":"standard","meta":{"_acf_changed":false,"footnotes":""},"categories":[125,5],"tags":[],"class_list":["post-1869","post","type-post","status-publish","format-standard","hentry","category-alma","category-showroom"],"acf":[],"_links":{"self":[{"href":"https:\/\/www.iscletec.com\/blog\/wp-json\/wp\/v2\/posts\/1869","targetHints":{"allow":["GET"]}}],"collection":[{"href":"https:\/\/www.iscletec.com\/blog\/wp-json\/wp\/v2\/posts"}],"about":[{"href":"https:\/\/www.iscletec.com\/blog\/wp-json\/wp\/v2\/types\/post"}],"author":[{"embeddable":true,"href":"https:\/\/www.iscletec.com\/blog\/wp-json\/wp\/v2\/users\/1"}],"replies":[{"embeddable":true,"href":"https:\/\/www.iscletec.com\/blog\/wp-json\/wp\/v2\/comments?post=1869"}],"version-history":[{"count":1,"href":"https:\/\/www.iscletec.com\/blog\/wp-json\/wp\/v2\/posts\/1869\/revisions"}],"predecessor-version":[{"id":1872,"href":"https:\/\/www.iscletec.com\/blog\/wp-json\/wp\/v2\/posts\/1869\/revisions\/1872"}],"wp:attachment":[{"href":"https:\/\/www.iscletec.com\/blog\/wp-json\/wp\/v2\/media?parent=1869"}],"wp:term":[{"taxonomy":"category","embeddable":true,"href":"https:\/\/www.iscletec.com\/blog\/wp-json\/wp\/v2\/categories?post=1869"},{"taxonomy":"post_tag","embeddable":true,"href":"https:\/\/www.iscletec.com\/blog\/wp-json\/wp\/v2\/tags?post=1869"}],"curies":[{"name":"wp","href":"https:\/\/api.w.org\/{rel}","templated":true}]}}