{"id":1911,"date":"2019-11-12T09:30:10","date_gmt":"2019-11-12T08:30:10","guid":{"rendered":"https:\/\/iscletec.com\/blog\/?p=1911"},"modified":"2019-11-12T09:30:10","modified_gmt":"2019-11-12T08:30:10","slug":"vidrios-seguridad","status":"publish","type":"post","link":"https:\/\/www.iscletec.com\/blog\/vidrios-seguridad\/","title":{"rendered":"Especial vidres: SEGURETAT"},"content":{"rendered":"<p><img loading=\"lazy\" decoding=\"async\" class=\"alignnone size-full wp-image-1912\" src=\"https:\/\/www.iscletec.com\/\/blog\/wp-content\/uploads\/2019\/11\/especial-seguretat-vidre-cat.jpg\" alt=\"seguretat-vidres-iscletec\" width=\"1281\" height=\"721\" srcset=\"https:\/\/www.iscletec.com\/blog\/wp-content\/uploads\/2019\/11\/especial-seguretat-vidre-cat.jpg 1281w, https:\/\/www.iscletec.com\/blog\/wp-content\/uploads\/2019\/11\/especial-seguretat-vidre-cat-300x169.jpg 300w, https:\/\/www.iscletec.com\/blog\/wp-content\/uploads\/2019\/11\/especial-seguretat-vidre-cat-768x432.jpg 768w, https:\/\/www.iscletec.com\/blog\/wp-content\/uploads\/2019\/11\/especial-seguretat-vidre-cat-1024x576.jpg 1024w\" sizes=\"auto, (max-width: 1281px) 100vw, 1281px\" \/><\/p>\n<p>Un aspecte essencial a la nostra llar \u00e9s la seguretat, a Iscletec comptem amb les solucions per aportar-te tranquil\u00b7litat.<\/p>\n<p>Els nostres prove\u00efdors compten amb una extensa gama de vidres de major seguretat, que aporten m\u00e9s resist\u00e8ncia contra actes vand\u00e0lics, vidres resistents per zones de pas o amb possibilitat de rebre cops i vidres espec\u00edfics antibales.<\/p>\n<p><strong>Especial ferraments:<\/strong><\/p>\n<p>A Iscletec comptem tamb\u00e9 amb una gama de ferraments espec\u00edfics, que proporcionen m\u00e9s seguretat:<\/p>\n<ul>\n<li>Ferraments amb control d&#8217;acc\u00e9s, amb empremta dactilar i control amb Smartphone.<\/li>\n<li>Ferraments ocults, que dificulten el furt.<\/li>\n<li>Ferraments amb sistema d&#8217;alarma integrada, oculta a les finestres i portes.<\/li>\n<\/ul>\n<p>Descobreix\u00a0m\u00e9s informaci\u00f3 sobre els vidres\u00a0d&#8217;Iscletec, <a href=\"https:\/\/www.iscletec.com\/vidrios-aislamiento-acustico-termico\/ca\">aqu\u00ed<\/a><\/p>","protected":false},"excerpt":{"rendered":"<p>Un aspecte essencial a la nostra llar \u00e9s la seguretat, a Iscletec comptem amb les solucions per aportar-te tranquil\u00b7litat. Els nostres prove\u00efdors compten amb una extensa gama de vidres de major seguretat, que aporten m\u00e9s resist\u00e8ncia contra actes vand\u00e0lics, vidres resistents per zones de pas o amb possibilitat de rebre cops i vidres espec\u00edfics antibales. [&hellip;]<\/p>\n","protected":false},"author":1,"featured_media":0,"comment_status":"open","ping_status":"open","sticky":false,"template":"","format":"standard","meta":{"_acf_changed":false,"footnotes":""},"categories":[126],"tags":[],"class_list":["post-1911","post","type-post","status-publish","format-standard","hentry","category-vidres"],"acf":[],"_links":{"self":[{"href":"https:\/\/www.iscletec.com\/blog\/wp-json\/wp\/v2\/posts\/1911","targetHints":{"allow":["GET"]}}],"collection":[{"href":"https:\/\/www.iscletec.com\/blog\/wp-json\/wp\/v2\/posts"}],"about":[{"href":"https:\/\/www.iscletec.com\/blog\/wp-json\/wp\/v2\/types\/post"}],"author":[{"embeddable":true,"href":"https:\/\/www.iscletec.com\/blog\/wp-json\/wp\/v2\/users\/1"}],"replies":[{"embeddable":true,"href":"https:\/\/www.iscletec.com\/blog\/wp-json\/wp\/v2\/comments?post=1911"}],"version-history":[{"count":1,"href":"https:\/\/www.iscletec.com\/blog\/wp-json\/wp\/v2\/posts\/1911\/revisions"}],"predecessor-version":[{"id":1914,"href":"https:\/\/www.iscletec.com\/blog\/wp-json\/wp\/v2\/posts\/1911\/revisions\/1914"}],"wp:attachment":[{"href":"https:\/\/www.iscletec.com\/blog\/wp-json\/wp\/v2\/media?parent=1911"}],"wp:term":[{"taxonomy":"category","embeddable":true,"href":"https:\/\/www.iscletec.com\/blog\/wp-json\/wp\/v2\/categories?post=1911"},{"taxonomy":"post_tag","embeddable":true,"href":"https:\/\/www.iscletec.com\/blog\/wp-json\/wp\/v2\/tags?post=1911"}],"curies":[{"name":"wp","href":"https:\/\/api.w.org\/{rel}","templated":true}]}}