{"id":1921,"date":"2019-11-21T11:26:43","date_gmt":"2019-11-21T10:26:43","guid":{"rendered":"https:\/\/iscletec.com\/blog\/?p=1921"},"modified":"2019-11-21T11:28:21","modified_gmt":"2019-11-21T10:28:21","slug":"aillament-termic","status":"publish","type":"post","link":"https:\/\/www.iscletec.com\/blog\/aillament-termic\/","title":{"rendered":"Efici\u00e8ncia, benestar i estalvi d&#8217;energia"},"content":{"rendered":"<p><img loading=\"lazy\" decoding=\"async\" class=\"alignnone size-full wp-image-1923\" src=\"https:\/\/www.iscletec.com\/\/blog\/wp-content\/uploads\/2019\/11\/aillament_termic.jpg\" alt=\"aillament-termic-iscletec\" width=\"1281\" height=\"721\" srcset=\"https:\/\/www.iscletec.com\/blog\/wp-content\/uploads\/2019\/11\/aillament_termic.jpg 1281w, https:\/\/www.iscletec.com\/blog\/wp-content\/uploads\/2019\/11\/aillament_termic-300x169.jpg 300w, https:\/\/www.iscletec.com\/blog\/wp-content\/uploads\/2019\/11\/aillament_termic-768x432.jpg 768w, https:\/\/www.iscletec.com\/blog\/wp-content\/uploads\/2019\/11\/aillament_termic-1024x576.jpg 1024w\" sizes=\"auto, (max-width: 1281px) 100vw, 1281px\" \/><\/p>\n<p>&nbsp;<\/p>\n<p>L\u2019efici\u00e8ncia i l\u2019estalvi d\u2019energia, \u00e9s un punt important a tenir en compte a l\u2019hora d\u2019escollir el vidre per finestra o balconera.<\/p>\n<p>La protecci\u00f3 solar varia en funci\u00f3 a l\u2019orientaci\u00f3 de la finestra i el nivell d\u2019incid\u00e8ncia solar del lloc en qu\u00e8 es troba l\u2019habitatge. El vidre de capa per protecci\u00f3 solar ens permet un vidre transparent i sense color, sense necessitat de col\u00b7locar cortines o altres elements de protecci\u00f3 solar.<\/p>\n<p><a href=\"https:\/\/www.iscletec.com\/vidrios-aislamiento-acustico-termico\/ca#aislamiento_termico\"><strong>A\u00efllament t\u00e8rmic<\/strong><\/a><\/p>\n<p>En quant a\u00efllament t\u00e8rmic, \u00e9s important millorar el nivell de transmissi\u00f3 t\u00e8rmic lineal (UH). Una vegada tinguem aix\u00f2, els punts a desenvolupar s\u00f3n:<\/p>\n<ul>\n<li>Vidres amb capa selectiva espec\u00edfica per a l&#8217;a\u00efllament t\u00e8rmic.<\/li>\n<li>Substituir l&#8217;aire de la c\u00e0mera del vidre a\u00efllant per gas arg\u00f3, aix\u00ed millora l&#8217;a\u00efllament t\u00e8rmic i redueix el valor d\u2019UH. Afegir un perfil intercalari WarmEdge a aquesta c\u00e0mera.<\/li>\n<li>Triple acristalament, un vidre a\u00efllant de triple capa assegura un a\u00efllament t\u00e8rmic immillorable.<\/li>\n<\/ul>\n<p><\/p>","protected":false},"excerpt":{"rendered":"<p>&nbsp; L\u2019efici\u00e8ncia i l\u2019estalvi d\u2019energia, \u00e9s un punt important a tenir en compte a l\u2019hora d\u2019escollir el vidre per finestra o balconera. La protecci\u00f3 solar varia en funci\u00f3 a l\u2019orientaci\u00f3 de la finestra i el nivell d\u2019incid\u00e8ncia solar del lloc en qu\u00e8 es troba l\u2019habitatge. El vidre de capa per protecci\u00f3 solar ens permet un [&hellip;]<\/p>\n","protected":false},"author":1,"featured_media":0,"comment_status":"open","ping_status":"open","sticky":false,"template":"","format":"standard","meta":{"_acf_changed":false,"footnotes":""},"categories":[126],"tags":[],"class_list":["post-1921","post","type-post","status-publish","format-standard","hentry","category-vidres"],"acf":[],"_links":{"self":[{"href":"https:\/\/www.iscletec.com\/blog\/wp-json\/wp\/v2\/posts\/1921","targetHints":{"allow":["GET"]}}],"collection":[{"href":"https:\/\/www.iscletec.com\/blog\/wp-json\/wp\/v2\/posts"}],"about":[{"href":"https:\/\/www.iscletec.com\/blog\/wp-json\/wp\/v2\/types\/post"}],"author":[{"embeddable":true,"href":"https:\/\/www.iscletec.com\/blog\/wp-json\/wp\/v2\/users\/1"}],"replies":[{"embeddable":true,"href":"https:\/\/www.iscletec.com\/blog\/wp-json\/wp\/v2\/comments?post=1921"}],"version-history":[{"count":3,"href":"https:\/\/www.iscletec.com\/blog\/wp-json\/wp\/v2\/posts\/1921\/revisions"}],"predecessor-version":[{"id":1926,"href":"https:\/\/www.iscletec.com\/blog\/wp-json\/wp\/v2\/posts\/1921\/revisions\/1926"}],"wp:attachment":[{"href":"https:\/\/www.iscletec.com\/blog\/wp-json\/wp\/v2\/media?parent=1921"}],"wp:term":[{"taxonomy":"category","embeddable":true,"href":"https:\/\/www.iscletec.com\/blog\/wp-json\/wp\/v2\/categories?post=1921"},{"taxonomy":"post_tag","embeddable":true,"href":"https:\/\/www.iscletec.com\/blog\/wp-json\/wp\/v2\/tags?post=1921"}],"curies":[{"name":"wp","href":"https:\/\/api.w.org\/{rel}","templated":true}]}}