{"id":2066,"date":"2020-04-14T13:55:19","date_gmt":"2020-04-14T12:55:19","guid":{"rendered":"https:\/\/iscletec.com\/blog\/?p=2066"},"modified":"2020-04-14T13:55:19","modified_gmt":"2020-04-14T12:55:19","slug":"els-mitjans-recullen-la-campanya-de-iscletec-junts-pintem-un-mon-millor","status":"publish","type":"post","link":"https:\/\/www.iscletec.com\/blog\/els-mitjans-recullen-la-campanya-de-iscletec-junts-pintem-un-mon-millor\/","title":{"rendered":"Els mitjans recullen la campanya de Iscletec \u201cJunts pintem un m\u00f3n millor\u201d"},"content":{"rendered":"<p><img loading=\"lazy\" decoding=\"async\" src=\"https:\/\/www.iscletec.com\/\/blog\/wp-content\/uploads\/2020\/04\/dibujos_2.jpg\" alt=\"\" width=\"1276\" height=\"717\" class=\"alignnone size-full wp-image-2072\" srcset=\"https:\/\/www.iscletec.com\/blog\/wp-content\/uploads\/2020\/04\/dibujos_2.jpg 1276w, https:\/\/www.iscletec.com\/blog\/wp-content\/uploads\/2020\/04\/dibujos_2-300x169.jpg 300w, https:\/\/www.iscletec.com\/blog\/wp-content\/uploads\/2020\/04\/dibujos_2-768x432.jpg 768w, https:\/\/www.iscletec.com\/blog\/wp-content\/uploads\/2020\/04\/dibujos_2-1024x575.jpg 1024w\" sizes=\"auto, (max-width: 1276px) 100vw, 1276px\" \/><\/p>\n<p><strong>Iscletec<\/strong> ha mantingut el contacte amb els seus clients, arquitectes i apassionats de la fusta durant el confinament,<br \/>\namb la seva campanya de responsabilitat corporativa \u201cjunts pintem un m\u00f3n millor\u201d una col\u00b7lecci\u00f3 d&#8217;il\u00b7lustracions que expliquen els processos de la fabricaci\u00f3 des del tall dels arbres, procedents de boscos certificats, fins al mecanitzat de les seves finestres de fusta. Una divertida col\u00b7lecci\u00f3 per a acolorir i compartir en fam\u00edlia, mentre expliquem la import\u00e0ncia a les noves generacions de protegir, respectar i cuidar el nostre entorn i medi ambient.<\/p>\n<p><strong>Iscletec<\/strong>, fidel al seu comprom\u00eds, compta amb un consolidat teixit de prove\u00efdors locals i els recursos que s&#8217;utilitzen s\u00f3n de boscos molt pr\u00f2xims a les seves instal\u00b7lacions, procedents de boscos gestionats i certificats, de la zona del Montseny.<\/p>\n<p><strong>Agra\u00efm als mitjans del sector que han recollit aquesta did\u00e0ctica iniciativa:<\/strong><\/p>\n<p><a href=\"https:\/\/madera-sostenible.com\/destacada\/iscletec-juntos-creamos-un-mundo-mejor\/?utm_source=mailpoet&#038;utm_medium=email&#038;utm_campaign=boletin-madera-sostenible-27-de-diciembre-de-2019_8\" rel=\"noopener\" target=\"_blank\">MADERA SOSTENIBLE<\/a><\/p>\n<p><a href=\"https:\/\/www.vidrioperfil.com\/es\/noticia-es\/iscletec-lanza-la-campana-juntos-creamos-un-mundo-mejor\" rel=\"noopener\" target=\"_blank\">VIDRIO PERFIL<\/a><br \/>\n<\/p>","protected":false},"excerpt":{"rendered":"<p>Iscletec ha mantingut el contacte amb els seus clients, arquitectes i apassionats de la fusta durant el confinament, amb la seva campanya de responsabilitat corporativa \u201cjunts pintem un m\u00f3n millor\u201d una col\u00b7lecci\u00f3 d&#8217;il\u00b7lustracions que expliquen els processos de la fabricaci\u00f3 des del tall dels arbres, procedents de boscos certificats, fins al mecanitzat de les seves [&hellip;]<\/p>\n","protected":false},"author":1,"featured_media":0,"comment_status":"open","ping_status":"open","sticky":false,"template":"","format":"standard","meta":{"_acf_changed":false,"footnotes":""},"categories":[44],"tags":[],"class_list":["post-2066","post","type-post","status-publish","format-standard","hentry","category-prensa"],"acf":[],"_links":{"self":[{"href":"https:\/\/www.iscletec.com\/blog\/wp-json\/wp\/v2\/posts\/2066","targetHints":{"allow":["GET"]}}],"collection":[{"href":"https:\/\/www.iscletec.com\/blog\/wp-json\/wp\/v2\/posts"}],"about":[{"href":"https:\/\/www.iscletec.com\/blog\/wp-json\/wp\/v2\/types\/post"}],"author":[{"embeddable":true,"href":"https:\/\/www.iscletec.com\/blog\/wp-json\/wp\/v2\/users\/1"}],"replies":[{"embeddable":true,"href":"https:\/\/www.iscletec.com\/blog\/wp-json\/wp\/v2\/comments?post=2066"}],"version-history":[{"count":5,"href":"https:\/\/www.iscletec.com\/blog\/wp-json\/wp\/v2\/posts\/2066\/revisions"}],"predecessor-version":[{"id":2073,"href":"https:\/\/www.iscletec.com\/blog\/wp-json\/wp\/v2\/posts\/2066\/revisions\/2073"}],"wp:attachment":[{"href":"https:\/\/www.iscletec.com\/blog\/wp-json\/wp\/v2\/media?parent=2066"}],"wp:term":[{"taxonomy":"category","embeddable":true,"href":"https:\/\/www.iscletec.com\/blog\/wp-json\/wp\/v2\/categories?post=2066"},{"taxonomy":"post_tag","embeddable":true,"href":"https:\/\/www.iscletec.com\/blog\/wp-json\/wp\/v2\/tags?post=2066"}],"curies":[{"name":"wp","href":"https:\/\/api.w.org\/{rel}","templated":true}]}}