{"id":2083,"date":"2020-05-11T09:51:01","date_gmt":"2020-05-11T08:51:01","guid":{"rendered":"https:\/\/iscletec.com\/blog\/?p=2083"},"modified":"2020-05-11T09:51:01","modified_gmt":"2020-05-11T08:51:01","slug":"finestres-de-fusta-amb-denominacio-dorigen","status":"publish","type":"post","link":"https:\/\/www.iscletec.com\/blog\/finestres-de-fusta-amb-denominacio-dorigen\/","title":{"rendered":"Finestres de fusta amb denominaci\u00f3 d&#8217;origen"},"content":{"rendered":"<p><img loading=\"lazy\" decoding=\"async\" src=\"https:\/\/www.iscletec.com\/\/blog\/wp-content\/uploads\/2020\/05\/noticas_sostenibles_iscletec.jpg\" alt=\"\" width=\"1278\" height=\"813\" class=\"alignnone size-full wp-image-2085\" srcset=\"https:\/\/www.iscletec.com\/blog\/wp-content\/uploads\/2020\/05\/noticas_sostenibles_iscletec.jpg 1278w, https:\/\/www.iscletec.com\/blog\/wp-content\/uploads\/2020\/05\/noticas_sostenibles_iscletec-300x191.jpg 300w, https:\/\/www.iscletec.com\/blog\/wp-content\/uploads\/2020\/05\/noticas_sostenibles_iscletec-768x489.jpg 768w, https:\/\/www.iscletec.com\/blog\/wp-content\/uploads\/2020\/05\/noticas_sostenibles_iscletec-1024x651.jpg 1024w\" sizes=\"auto, (max-width: 1278px) 100vw, 1278px\" \/><\/p>\n<p>Les emissions de gasos efecte hivernacle \u00e9s un dels principals problemes actuals. Per posar-hi remei, l&#8217;important \u00e9s aconseguir que els boscs, no es vegin redu\u00efts i fer que aquests augmentin, ja que aquests s\u00f3n els grans embornals de CO2 del nostre planeta.Aix\u00f2 es pot aconseguir gr\u00e0cies a la<strong> tala controlada i a la reforestaci\u00f3 dels boscs.<\/strong> L&#8217;\u00fas de la fusta com a material de construcci\u00f3 \u00e9s <strong>una opci\u00f3 no nom\u00e9s sostenible, sin\u00f3 que tamb\u00e9, ecol\u00f2gica. <\/strong>Aix\u00f2 s\u00ed, sempre que se segueixin unes pautes b\u00e0siques i uns controls de gesti\u00f3.<\/p>\n<p><strong>La fusta amb qu\u00e8 treballa Iscletec \u00e9s de Km0, ja que prov\u00e9 del mass\u00eds del Montseny i de les Guilleries,<\/strong> espais gestionats amb el <strong>segell de qualitat forestal sostenible PEFC.<\/strong> Per aix\u00f2, la tala d&#8217;aquests arbres aporta una regeneraci\u00f3 de la flora aut\u00f2ctona, una major qualitat d&#8217;oxigen i una proliferaci\u00f3 de la fauna.<\/p>\n<p><strong>CERTIFICAT PEFC<\/strong><\/p>\n<p>El certificat PEFC que tenen els productes d&#8217;origen forestal, garanteixen als consumidors que estan adquirint productes de boscos gestionats sosteniblement. Triant productes PEFC, els compradors ajuden a combatre la tala il\u00b7legal i fomentar les principals funcions que juguen els recursos forestals com:<\/p>\n<ul>\n<li>Contribuir al manteniment de nombrosos ecosistemes i la diversitat biol\u00f2gica.<\/li>\n<li>Ser el suport econ\u00f2mic de moltes poblacions rurals i l&#8217;origen d&#8217;una important\u00edssima ind\u00fastria de transformaci\u00f3.<\/li>\n<li>Tenir un paper social i cultural reconegut cada vegada en m\u00e9s mesura.<\/li>\n<\/ul>\n<p>Per totes aquestes raons, si tries Iscletec est\u00e0s contribuint a una millora del medi ambient. Conven\u00e7-te de totes les bones raons per escollir-nos. <a href=\"https:\/\/www.iscletec.com\/\/ventanas-ecologicas.php?i=1\">Per qu\u00e8 Iscletec?<\/a><\/p>\n<p>Descobreix el nostre <a href=\"https:\/\/www.iscletec.com\/\/ventanas-ecologicas.php?i=1\">proc\u00e9s de fabricaci\u00f3<\/a> i <a href=\"https:\/\/www.iscletec.com\/\/ventanas-ecologicas.php?i=1\">descarrega&#8217;t les il\u00b7lustracions<\/a> per compartir aquesta filosofia amb els m\u00e9s petits.<\/p>\n<p>ISCLETEC,<br \/>\nInnovaci\u00f3 \/ Proximitat \/ Efici\u00e8ncia \/ Protecci\u00f3<\/p>","protected":false},"excerpt":{"rendered":"<p>Les emissions de gasos efecte hivernacle \u00e9s un dels principals problemes actuals. Per posar-hi remei, l&#8217;important \u00e9s aconseguir que els boscs, no es vegin redu\u00efts i fer que aquests augmentin, ja que aquests s\u00f3n els grans embornals de CO2 del nostre planeta.Aix\u00f2 es pot aconseguir gr\u00e0cies a la tala controlada i a la reforestaci\u00f3 dels [&hellip;]<\/p>\n","protected":false},"author":1,"featured_media":0,"comment_status":"open","ping_status":"open","sticky":false,"template":"","format":"standard","meta":{"_acf_changed":false,"footnotes":""},"categories":[21,89],"tags":[],"class_list":["post-2083","post","type-post","status-publish","format-standard","hentry","category-eficiencia","category-valores"],"acf":[],"_links":{"self":[{"href":"https:\/\/www.iscletec.com\/blog\/wp-json\/wp\/v2\/posts\/2083","targetHints":{"allow":["GET"]}}],"collection":[{"href":"https:\/\/www.iscletec.com\/blog\/wp-json\/wp\/v2\/posts"}],"about":[{"href":"https:\/\/www.iscletec.com\/blog\/wp-json\/wp\/v2\/types\/post"}],"author":[{"embeddable":true,"href":"https:\/\/www.iscletec.com\/blog\/wp-json\/wp\/v2\/users\/1"}],"replies":[{"embeddable":true,"href":"https:\/\/www.iscletec.com\/blog\/wp-json\/wp\/v2\/comments?post=2083"}],"version-history":[{"count":5,"href":"https:\/\/www.iscletec.com\/blog\/wp-json\/wp\/v2\/posts\/2083\/revisions"}],"predecessor-version":[{"id":2089,"href":"https:\/\/www.iscletec.com\/blog\/wp-json\/wp\/v2\/posts\/2083\/revisions\/2089"}],"wp:attachment":[{"href":"https:\/\/www.iscletec.com\/blog\/wp-json\/wp\/v2\/media?parent=2083"}],"wp:term":[{"taxonomy":"category","embeddable":true,"href":"https:\/\/www.iscletec.com\/blog\/wp-json\/wp\/v2\/categories?post=2083"},{"taxonomy":"post_tag","embeddable":true,"href":"https:\/\/www.iscletec.com\/blog\/wp-json\/wp\/v2\/tags?post=2083"}],"curies":[{"name":"wp","href":"https:\/\/api.w.org\/{rel}","templated":true}]}}