{"id":2199,"date":"2020-10-07T09:34:34","date_gmt":"2020-10-07T08:34:34","guid":{"rendered":"https:\/\/iscletec.com\/blog\/?p=2199"},"modified":"2020-10-07T09:40:00","modified_gmt":"2020-10-07T08:40:00","slug":"espanol-ecologicas-y-con-personalidad-recomendamos-la-publicacion-de-esdiario-por-edel-uve","status":"publish","type":"post","link":"https:\/\/www.iscletec.com\/blog\/espanol-ecologicas-y-con-personalidad-recomendamos-la-publicacion-de-esdiario-por-edel-uve\/","title":{"rendered":"\u201cEcol\u00f2giques i amb personalitat\u201d recomanem la publicaci\u00f3 de EsDiario, per l\u00b4 Edel Uve."},"content":{"rendered":"<p>S\u00f3n diversos els mitjans generals i revistes especialitzades d&#8217;arquitectura i interiorisme que recullen la creixent demanda de persones que busquen interiors i arquitectura per als seus habitatges, que responguin a criteris de sostenibilitat, efici\u00e8ncia energ\u00e8tica i comprom\u00eds amb el medi ambient.<\/p>\n<p><a href=\"https:\/\/www.iscletec.com\/ventanas-madera-ecologicas\/ca\">El nostre origen sempre ha estat la fusta<\/a>, perqu\u00e8 la fusta aporta sense cap dubte el benestar, connexi\u00f3 amb la naturalesa i harmonia en els espais interiors i exteriors, a igualtat de prestacions de protecci\u00f3 i a\u00efllament t\u00e8rmic i ac\u00fastic, que podem trobar en altres materials, com l&#8217;alumini o pvc.<\/p>\n<p>&nbsp;<\/p>\n<p>No volem entrar en \u201csensacions\u201d ni \u201cemocions\u201d, de manera objectiva, i totalment neutral, la fusta \u00e9s \u00fanica, i aporta el valor que tots cada vegada busquem m\u00e9s: Tranquil\u00b7litat, benestar i harmonia amb el nostre entorn, parella, fam\u00edlia, amics,\u2026 i naturalesa.<\/p>\n<p><strong>Connectats amb la naturalesa, ens sentim millor.<\/strong><\/p>\n<p>Veure publicaci\u00f3:<\/p>\n<p>\u201cEcol\u00f2giques i amb personalitat, les finestres de fusta estan de moda\u201d EsDiario, article de l\u00b4 Edel Uve.<\/p>\n<p><a href=\"https:\/\/www.esdiario.com\/214747539\/ecologicas-y-con-personalidad-las-ventanas-de-madera-vuelven-a-estar-de-moda.html\">https:\/\/www.esdiario.com\/214747539\/ecologicas-y-con-personalidad-las-ventanas-de-madera-vuelven-a-estar-de-moda.html<\/a><\/p>\n<p>&nbsp;<\/p>\n<p><strong>Gr\u00e0cies per compartir la nostra passi\u00f3 per la fusta.<\/strong><\/p>","protected":false},"excerpt":{"rendered":"<p>S\u00f3n diversos els mitjans generals i revistes especialitzades d&#8217;arquitectura i interiorisme que recullen la creixent demanda de persones que busquen interiors i arquitectura per als seus habitatges, que responguin a criteris de sostenibilitat, efici\u00e8ncia energ\u00e8tica i comprom\u00eds amb el medi ambient. El nostre origen sempre ha estat la fusta, perqu\u00e8 la fusta aporta sense cap [&hellip;]<\/p>\n","protected":false},"author":1,"featured_media":1998,"comment_status":"open","ping_status":"open","sticky":false,"template":"","format":"standard","meta":{"_acf_changed":false,"footnotes":""},"categories":[61,44,89],"tags":[],"class_list":["post-2199","post","type-post","status-publish","format-standard","has-post-thumbnail","hentry","category-madera","category-prensa","category-valores"],"acf":[],"_links":{"self":[{"href":"https:\/\/www.iscletec.com\/blog\/wp-json\/wp\/v2\/posts\/2199","targetHints":{"allow":["GET"]}}],"collection":[{"href":"https:\/\/www.iscletec.com\/blog\/wp-json\/wp\/v2\/posts"}],"about":[{"href":"https:\/\/www.iscletec.com\/blog\/wp-json\/wp\/v2\/types\/post"}],"author":[{"embeddable":true,"href":"https:\/\/www.iscletec.com\/blog\/wp-json\/wp\/v2\/users\/1"}],"replies":[{"embeddable":true,"href":"https:\/\/www.iscletec.com\/blog\/wp-json\/wp\/v2\/comments?post=2199"}],"version-history":[{"count":2,"href":"https:\/\/www.iscletec.com\/blog\/wp-json\/wp\/v2\/posts\/2199\/revisions"}],"predecessor-version":[{"id":2201,"href":"https:\/\/www.iscletec.com\/blog\/wp-json\/wp\/v2\/posts\/2199\/revisions\/2201"}],"wp:featuredmedia":[{"embeddable":true,"href":"https:\/\/www.iscletec.com\/blog\/wp-json\/wp\/v2\/media\/1998"}],"wp:attachment":[{"href":"https:\/\/www.iscletec.com\/blog\/wp-json\/wp\/v2\/media?parent=2199"}],"wp:term":[{"taxonomy":"category","embeddable":true,"href":"https:\/\/www.iscletec.com\/blog\/wp-json\/wp\/v2\/categories?post=2199"},{"taxonomy":"post_tag","embeddable":true,"href":"https:\/\/www.iscletec.com\/blog\/wp-json\/wp\/v2\/tags?post=2199"}],"curies":[{"name":"wp","href":"https:\/\/api.w.org\/{rel}","templated":true}]}}