{"id":2756,"date":"2022-06-02T14:13:04","date_gmt":"2022-06-02T13:13:04","guid":{"rendered":"https:\/\/iscletec.com\/blog\/?p=2756"},"modified":"2022-06-02T14:15:46","modified_gmt":"2022-06-02T13:15:46","slug":"espanol-la-casa-de-la-musica-nuevo-proyecto","status":"publish","type":"post","link":"https:\/\/www.iscletec.com\/blog\/espanol-la-casa-de-la-musica-nuevo-proyecto\/","title":{"rendered":"La casa de la m\u00fasica, nou projecte"},"content":{"rendered":"<p><\/p>\n<h2>100% SOSTENIBLE I EFICIENT<\/h2>\n<p>Presentem aquest projecte, al qual l&#8217;hem anomenat \u201c<a href=\"https:\/\/www.iscletec.com\/proyectos\/casa-de-la-musica\/ca\/\">La casa de la m\u00fasica<\/a>\u201d<br \/>\nEs tracta d&#8217;una reforma integral realitzada en un habitatge unifamiliar dels anys 80.<br \/>\nEl nou propietari, un enginyer comprom\u00e8s amb la construcci\u00f3 responsable, sostenible i eficient,<br \/>\nha bolcat el seu esfor\u00e7 en aconseguir un habitatge el m\u00e9s autosuficient possible.<\/p>\n<p>Un projecte integral basat a atorgar el m\u00e0xim a\u00efllament t\u00e8rmic a la casa,<br \/>\nincorporant un sistema solar fotovoltaic per a autoconsum.<br \/>\nUn proc\u00e9s que ha incl\u00f2s el tractament de les parets, sostres, calefacci\u00f3 radiant en el terra, i tancaments amb vidres d&#8217;altes prestacions\u00a0<a class=\"subrahome pempresa\" href=\"https:\/\/www.iscletec.com\/ventanas-madera-iscletec-78\/ca\/\" target=\"_blank\" rel=\"noopener\">Iscletec78<\/a>.<br \/>\nUna reforma integral que ha obtingut la m\u00e0xima qualificaci\u00f3 energ\u00e8tica en a\u00efllament t\u00e8rmic i m\u00ednim consum energ\u00e8tic.<\/p>\n<p>La casa de la m\u00fasica est\u00e0 situada en un enclavament \u00fanic,<br \/>\nenvoltada de boscos de pi i sobre una roca que domina el paisatge fins a la mar.<\/p>\n<p>Vistes \u00faniques emmarcades amb les nostres finestres dobles oscil\u00b7lobatents\u00a0<strong><a class=\"subrahome pempresa\" href=\"https:\/\/www.iscletec.com\/ventanas-madera-iscletec-78\/ca\/\" target=\"_blank\" rel=\"noopener\">Iscletec78<\/a><\/strong><br \/>\namb\u00a0<strong><a class=\"subrahome pempresa\" href=\"https:\/\/www.iscletec.com\/vidrios-aislamiento-acustico-termico\/ca\/\" target=\"_blank\" rel=\"noopener\">vidres baix emissius<\/a><\/strong>\u00a0que aporten a\u00efllament t\u00e8rmic i protecci\u00f3 solar.<br \/>\nFusta en pi amb tint marr\u00f3 fosc, fidel al disseny original de la casa.<\/p>\n<p><strong><a href=\"https:\/\/www.iscletec.com\/proyectos\/casa-de-la-musica\/ca\/\">La casa de la m\u00fasica<\/a><\/strong><br \/>\nTranquil\u00b7litat i benestar per a aconseguir una inspiraci\u00f3 natural<\/p>\n<p>&nbsp;<\/p>\n<p><strong><a href=\"https:\/\/www.iscletec.com\/proyectos\/casa-de-la-musica\/ca\/\">VEURE EL PROJECTE<\/a><\/strong><\/p>","protected":false},"excerpt":{"rendered":"<p>100% SOSTENIBLE I EFICIENT Presentem aquest projecte, al qual l&#8217;hem anomenat \u201cLa casa de la m\u00fasica\u201d Es tracta d&#8217;una reforma integral realitzada en un habitatge unifamiliar dels anys 80. El nou propietari, un enginyer comprom\u00e8s amb la construcci\u00f3 responsable, sostenible i eficient, ha bolcat el seu esfor\u00e7 en aconseguir un habitatge el m\u00e9s autosuficient possible. [&hellip;]<\/p>\n","protected":false},"author":1,"featured_media":2760,"comment_status":"open","ping_status":"open","sticky":false,"template":"","format":"standard","meta":{"_acf_changed":false,"footnotes":""},"categories":[4,1],"tags":[],"class_list":["post-2756","post","type-post","status-publish","format-standard","has-post-thumbnail","hentry","category-proyectos","category-sin-categoria"],"acf":[],"_links":{"self":[{"href":"https:\/\/www.iscletec.com\/blog\/wp-json\/wp\/v2\/posts\/2756","targetHints":{"allow":["GET"]}}],"collection":[{"href":"https:\/\/www.iscletec.com\/blog\/wp-json\/wp\/v2\/posts"}],"about":[{"href":"https:\/\/www.iscletec.com\/blog\/wp-json\/wp\/v2\/types\/post"}],"author":[{"embeddable":true,"href":"https:\/\/www.iscletec.com\/blog\/wp-json\/wp\/v2\/users\/1"}],"replies":[{"embeddable":true,"href":"https:\/\/www.iscletec.com\/blog\/wp-json\/wp\/v2\/comments?post=2756"}],"version-history":[{"count":4,"href":"https:\/\/www.iscletec.com\/blog\/wp-json\/wp\/v2\/posts\/2756\/revisions"}],"predecessor-version":[{"id":2761,"href":"https:\/\/www.iscletec.com\/blog\/wp-json\/wp\/v2\/posts\/2756\/revisions\/2761"}],"wp:featuredmedia":[{"embeddable":true,"href":"https:\/\/www.iscletec.com\/blog\/wp-json\/wp\/v2\/media\/2760"}],"wp:attachment":[{"href":"https:\/\/www.iscletec.com\/blog\/wp-json\/wp\/v2\/media?parent=2756"}],"wp:term":[{"taxonomy":"category","embeddable":true,"href":"https:\/\/www.iscletec.com\/blog\/wp-json\/wp\/v2\/categories?post=2756"},{"taxonomy":"post_tag","embeddable":true,"href":"https:\/\/www.iscletec.com\/blog\/wp-json\/wp\/v2\/tags?post=2756"}],"curies":[{"name":"wp","href":"https:\/\/api.w.org\/{rel}","templated":true}]}}