{"id":3003,"date":"2023-03-15T09:11:21","date_gmt":"2023-03-15T08:11:21","guid":{"rendered":"https:\/\/iscletec.com\/blog\/?p=3003"},"modified":"2023-03-15T09:15:45","modified_gmt":"2023-03-15T08:15:45","slug":"la-fusta-per-a-tu-es-un-avantatge-o-un-inconvenient-veure-testimoni","status":"publish","type":"post","link":"https:\/\/www.iscletec.com\/blog\/la-fusta-per-a-tu-es-un-avantatge-o-un-inconvenient-veure-testimoni\/","title":{"rendered":"La fusta per a tu, \u00e9s un avantatge o un inconvenient? &#8211; Veure testimoni"},"content":{"rendered":"<p><span style=\"color: #808080;\"><a style=\"color: #808080;\" href=\"https:\/\/www.iscletec.com\/arquitectos\/ca\/#BlaiCabrero\"><strong><em>Blai Cabrero Bosch<\/em><\/strong><\/a><\/span><\/p>\n<p>Arquitecte llicenciat en la\u00a0ETSAV\u00a0i en Enginyeria t\u00e8cnica en disseny industrial per l&#8217;Escola Superior de disseny\u00a0Elisava.<\/p>\n<p>Ha desenvolupat la seva traject\u00f2ria en reconeguts estudis d&#8217;arquitectura,<\/p>\n<p>on continua col\u00b7laborant i participant en singulars projectes amb un denominador com\u00fa:<\/p>\n<p><strong>L&#8217;excel\u00b7l\u00e8ncia en el disseny i en una construcci\u00f3 pura, natural i sostenible.<\/strong><\/p>\n<p>&nbsp;<\/p>\n<p><strong>Com resumiries l&#8217;ess\u00e8ncia del teu treball?<\/strong><\/p>\n<p><em>Projectar i construir espais qualificats on les seves condicions (geom\u00e8triques-materials)<\/em><\/p>\n<p><em>i el seu \u00fas millori la qualitat de vida dels seus ocupants i alhora siguin respectu\u00f3s amb el medi ambient.<\/em><\/p>\n<p>&nbsp;<\/p>\n<p><strong>La fusta per a tu, \u00e9s un avantatge o un inconvenient?<\/strong><\/p>\n<p><em>La fusta \u00e9s un avantatge\u2026.aporta grans avantatges en el sector de la construcci\u00f3 sent un material \u00fanic:<\/em><\/p>\n<p><em>ecol\u00f2gic, natural, sostenible, renovable, reciclable.<\/em><\/p>\n<p>&nbsp;<\/p>\n<p><strong>Com valoraries la qualitat del producte i servei de\u00a0Iscletec?\u00a0De l&#8217;1 al 10<\/strong><\/p>\n<p><em>Un 10<\/em><\/p>\n<p>&nbsp;<\/p>\n<p><a href=\"https:\/\/www.iscletec.com\/arquitectos\/ca\/#BlaiCabrero\">Veure apartat Arquitectes<\/a><\/p>","protected":false},"excerpt":{"rendered":"<p>Blai Cabrero Bosch Arquitecte llicenciat en la\u00a0ETSAV\u00a0i en Enginyeria t\u00e8cnica en disseny industrial per l&#8217;Escola Superior de disseny\u00a0Elisava. Ha desenvolupat la seva traject\u00f2ria en reconeguts estudis d&#8217;arquitectura, on continua col\u00b7laborant i participant en singulars projectes amb un denominador com\u00fa: L&#8217;excel\u00b7l\u00e8ncia en el disseny i en una construcci\u00f3 pura, natural i sostenible. &nbsp; Com resumiries l&#8217;ess\u00e8ncia [&hellip;]<\/p>\n","protected":false},"author":1,"featured_media":3004,"comment_status":"open","ping_status":"open","sticky":false,"template":"","format":"standard","meta":{"_acf_changed":false,"footnotes":""},"categories":[28],"tags":[],"class_list":["post-3003","post","type-post","status-publish","format-standard","has-post-thumbnail","hentry","category-arquitectos"],"acf":[],"_links":{"self":[{"href":"https:\/\/www.iscletec.com\/blog\/wp-json\/wp\/v2\/posts\/3003","targetHints":{"allow":["GET"]}}],"collection":[{"href":"https:\/\/www.iscletec.com\/blog\/wp-json\/wp\/v2\/posts"}],"about":[{"href":"https:\/\/www.iscletec.com\/blog\/wp-json\/wp\/v2\/types\/post"}],"author":[{"embeddable":true,"href":"https:\/\/www.iscletec.com\/blog\/wp-json\/wp\/v2\/users\/1"}],"replies":[{"embeddable":true,"href":"https:\/\/www.iscletec.com\/blog\/wp-json\/wp\/v2\/comments?post=3003"}],"version-history":[{"count":7,"href":"https:\/\/www.iscletec.com\/blog\/wp-json\/wp\/v2\/posts\/3003\/revisions"}],"predecessor-version":[{"id":3011,"href":"https:\/\/www.iscletec.com\/blog\/wp-json\/wp\/v2\/posts\/3003\/revisions\/3011"}],"wp:featuredmedia":[{"embeddable":true,"href":"https:\/\/www.iscletec.com\/blog\/wp-json\/wp\/v2\/media\/3004"}],"wp:attachment":[{"href":"https:\/\/www.iscletec.com\/blog\/wp-json\/wp\/v2\/media?parent=3003"}],"wp:term":[{"taxonomy":"category","embeddable":true,"href":"https:\/\/www.iscletec.com\/blog\/wp-json\/wp\/v2\/categories?post=3003"},{"taxonomy":"post_tag","embeddable":true,"href":"https:\/\/www.iscletec.com\/blog\/wp-json\/wp\/v2\/tags?post=3003"}],"curies":[{"name":"wp","href":"https:\/\/api.w.org\/{rel}","templated":true}]}}