{"id":3039,"date":"2023-04-20T10:06:23","date_gmt":"2023-04-20T09:06:23","guid":{"rendered":"https:\/\/iscletec.com\/blog\/?p=3039"},"modified":"2023-04-20T11:41:14","modified_gmt":"2023-04-20T10:41:14","slug":"especial-galerias-y-salas-acristaladas","status":"publish","type":"post","link":"https:\/\/www.iscletec.com\/blog\/especial-galerias-y-salas-acristaladas\/","title":{"rendered":"ESPECIAL GALERIES I SALAS ENVIDRADES"},"content":{"rendered":"<p><strong>Comencen les agradables sobretaules de primavera on el sol i el bon temps conviden a llargues tert\u00falies fins a la nit.<\/strong><br \/>\nUs presentem a continuaci\u00f3 alguns dels projectes m\u00e9s destacats que hem realitzat per al disseny d&#8217;\u00e0mplies galeries i salons envidrats, dissenyats i fabricats amb la nostra fusteria <strong><a href=\"https:\/\/www.iscletec.com\/ventanas-madera-iscletec-78\/ca\">Iscletec 78<\/a><\/strong>.<\/p>\n<hr \/>\n<p><img loading=\"lazy\" decoding=\"async\" class=\"alignnone wp-image-3045\" src=\"https:\/\/www.iscletec.com\/\/blog\/wp-content\/uploads\/2023\/04\/ventanas-de-madera-iscletec-proyectocasa-pirineo-02-1024x523.jpg\" alt=\"Galer\u00edas y Salas acristaladas Iscletec\" width=\"800\" height=\"409\" srcset=\"https:\/\/www.iscletec.com\/blog\/wp-content\/uploads\/2023\/04\/ventanas-de-madera-iscletec-proyectocasa-pirineo-02-1024x523.jpg 1024w, https:\/\/www.iscletec.com\/blog\/wp-content\/uploads\/2023\/04\/ventanas-de-madera-iscletec-proyectocasa-pirineo-02-300x153.jpg 300w, https:\/\/www.iscletec.com\/blog\/wp-content\/uploads\/2023\/04\/ventanas-de-madera-iscletec-proyectocasa-pirineo-02-768x392.jpg 768w, https:\/\/www.iscletec.com\/blog\/wp-content\/uploads\/2023\/04\/ventanas-de-madera-iscletec-proyectocasa-pirineo-02.jpg 1920w\" sizes=\"auto, (max-width: 800px) 100vw, 800px\" \/><\/p>\n<p><strong>Balconeres amb coberta inclosa envidrada a 1 aigua<\/strong><br \/>\nEns encanta recordar aquest magn\u00edfic <strong><a href=\"https:\/\/www.iscletec.com\/proyectos\/casa-en-los-pirineos\/ca\/\">projecte, situat al Pirineu.<\/a><\/strong>.<br \/>\nUna \u00e0mplia galeria en el centre de l&#8217;habitatge unifamiliar fabricat amb balconeres i fusteria fixa en fusta, inclosa la coberta, que projecta les vistes al cel blau i a les estrelles durant la nit.<\/p>\n<hr \/>\n<p><img loading=\"lazy\" decoding=\"async\" class=\"size-large wp-image-3047 alignnone\" src=\"https:\/\/www.iscletec.com\/\/blog\/wp-content\/uploads\/2023\/04\/05_AG_799697-1024x461.jpg\" alt=\"Galer\u00edas y Salas acristaladas Iscletec\" width=\"1024\" height=\"461\" srcset=\"https:\/\/www.iscletec.com\/blog\/wp-content\/uploads\/2023\/04\/05_AG_799697-1024x461.jpg 1024w, https:\/\/www.iscletec.com\/blog\/wp-content\/uploads\/2023\/04\/05_AG_799697-300x135.jpg 300w, https:\/\/www.iscletec.com\/blog\/wp-content\/uploads\/2023\/04\/05_AG_799697-768x346.jpg 768w\" sizes=\"auto, (max-width: 1024px) 100vw, 1024px\" \/><\/p>\n<p><strong>Obertura total a trav\u00e9s d&#8217;un intel\u00b7ligent joc de balconeres practicables<\/strong><br \/>\nUn reconegut <strong><a href=\"https:\/\/www.iscletec.com\/proyectos\/casa-ullastret\/ca\/\">projecte de Harquitectes.<\/a><\/strong>. Una casa d&#8217;estil pur i minimalista, que a trav\u00e9s d&#8217;un pr\u00e0ctic joc de balconeres de 2 fulles alineades aconsegueix la total obertura en tota la casa. Un exemple m\u00e9s de l&#8217;estil de Harquitectes que a trav\u00e9s simple f\u00f3rmules pots aconseguir grans resultats.<\/p>\n<hr \/>\n<p><img loading=\"lazy\" decoding=\"async\" class=\"size-large wp-image-3048 alignnone\" src=\"https:\/\/www.iscletec.com\/\/blog\/wp-content\/uploads\/2023\/04\/interioresok4-hotelvilarenys-iscletec-1024x612.jpg\" alt=\"Galer\u00edas y Salas acristaladas Iscletec\" width=\"1024\" height=\"612\" srcset=\"https:\/\/www.iscletec.com\/blog\/wp-content\/uploads\/2023\/04\/interioresok4-hotelvilarenys-iscletec-1024x612.jpg 1024w, https:\/\/www.iscletec.com\/blog\/wp-content\/uploads\/2023\/04\/interioresok4-hotelvilarenys-iscletec-300x179.jpg 300w, https:\/\/www.iscletec.com\/blog\/wp-content\/uploads\/2023\/04\/interioresok4-hotelvilarenys-iscletec-768x459.jpg 768w\" sizes=\"auto, (max-width: 1024px) 100vw, 1024px\" \/><\/p>\n<p><strong>Miradors circulars amb joc de balconeras<\/strong><br \/>\nUn dif\u00edcil <strong><a href=\"https:\/\/www.iscletec.com\/proyectos\/hotel-boutique-arenys\/ca\"> projecte <\/a><\/strong> que ens agrada recuperar amb aquesta publicaci\u00f3. Un edifici d&#8217;obra nova dissenyat per a acollir un Hotel-boutique al Maresme. L&#8217;edifici tenia uns miradors corbs on la propietat sol\u00b7licitava uns envidraments practicables en tota la seva longitud. Un repte que vam resoldre amb un perfecte disseny geom\u00e8tric amb practicables d&#8217;1 fulla alineades a la curvatura del mirador de cada planta. D&#8217;aquesta manera aconsegu\u00edem una completa alineaci\u00f3 del mirador corb i la total obertura en la balconera, perqu\u00e8 els hostes poguessin gaudir de l&#8217;ambient de la c\u00e8ntrica poblaci\u00f3 amb les practicables obertes i de la total il\u00b7luminaci\u00f3 natural amb el m\u00e0xim a\u00efllament.<\/p>","protected":false},"excerpt":{"rendered":"<p>Comencen les agradables sobretaules de primavera on el sol i el bon temps conviden a llargues tert\u00falies fins a la nit. Us presentem a continuaci\u00f3 alguns dels projectes m\u00e9s destacats que hem realitzat per al disseny d&#8217;\u00e0mplies galeries i salons envidrats, dissenyats i fabricats amb la nostra fusteria Iscletec 78. Balconeres amb coberta inclosa envidrada [&hellip;]<\/p>\n","protected":false},"author":1,"featured_media":3045,"comment_status":"open","ping_status":"open","sticky":false,"template":"","format":"standard","meta":{"_acf_changed":false,"footnotes":""},"categories":[4],"tags":[],"class_list":["post-3039","post","type-post","status-publish","format-standard","has-post-thumbnail","hentry","category-proyectos"],"acf":[],"_links":{"self":[{"href":"https:\/\/www.iscletec.com\/blog\/wp-json\/wp\/v2\/posts\/3039","targetHints":{"allow":["GET"]}}],"collection":[{"href":"https:\/\/www.iscletec.com\/blog\/wp-json\/wp\/v2\/posts"}],"about":[{"href":"https:\/\/www.iscletec.com\/blog\/wp-json\/wp\/v2\/types\/post"}],"author":[{"embeddable":true,"href":"https:\/\/www.iscletec.com\/blog\/wp-json\/wp\/v2\/users\/1"}],"replies":[{"embeddable":true,"href":"https:\/\/www.iscletec.com\/blog\/wp-json\/wp\/v2\/comments?post=3039"}],"version-history":[{"count":13,"href":"https:\/\/www.iscletec.com\/blog\/wp-json\/wp\/v2\/posts\/3039\/revisions"}],"predecessor-version":[{"id":3057,"href":"https:\/\/www.iscletec.com\/blog\/wp-json\/wp\/v2\/posts\/3039\/revisions\/3057"}],"wp:featuredmedia":[{"embeddable":true,"href":"https:\/\/www.iscletec.com\/blog\/wp-json\/wp\/v2\/media\/3045"}],"wp:attachment":[{"href":"https:\/\/www.iscletec.com\/blog\/wp-json\/wp\/v2\/media?parent=3039"}],"wp:term":[{"taxonomy":"category","embeddable":true,"href":"https:\/\/www.iscletec.com\/blog\/wp-json\/wp\/v2\/categories?post=3039"},{"taxonomy":"post_tag","embeddable":true,"href":"https:\/\/www.iscletec.com\/blog\/wp-json\/wp\/v2\/tags?post=3039"}],"curies":[{"name":"wp","href":"https:\/\/api.w.org\/{rel}","templated":true}]}}