{"id":3176,"date":"2023-07-07T10:03:14","date_gmt":"2023-07-07T09:03:14","guid":{"rendered":"https:\/\/iscletec.com\/blog\/?p=3176"},"modified":"2023-07-18T08:48:09","modified_gmt":"2023-07-18T07:48:09","slug":"especial-corredisses","status":"publish","type":"post","link":"https:\/\/www.iscletec.com\/blog\/especial-corredisses\/","title":{"rendered":"Especial Corredisses"},"content":{"rendered":"<p>Les finestres corredisses s\u00f3n un format cada m\u00e9s utilitzat en habitatges unifamiliars.<br \/>\nEn\u00a0Iscletec\u00a0portem m\u00e9s de 40 anys fabricant corredisses totalment personalitzades, que han anat evolucionant amb l&#8217;\u00faltima tecnologia en ferratges, sistemes de pany i vidres d&#8217;altes prestacions.<\/p>\n<p>Aquest juliol volem dedicar un especial a les corredisses de fusta, que continuen evolucionant per a proporcionar la m\u00e0xima amplitud i connexi\u00f3 entre l&#8217;espai interior i l&#8217;exterior de la casa, sense restar a\u00efllament t\u00e8rmic i ac\u00fastic, protecci\u00f3 solar i seguretat.<\/p>\n<p>&nbsp;<\/p>\n<p><strong>Corredisses de 2 fulles<\/strong><\/p>\n<ul>\n<li><a href=\"https:\/\/www.iscletec.com\/proyectos\/Serralada-Corredor-Montnegre\/es\">Projecte: Serralada del Corredor-Montnegre<\/a><\/li>\n<li><a href=\"https:\/\/www.iscletec.com\/proyectos\/casa-estudio-sarria\/es\/\">Projecte: Casa estudi en el cor de Sarri\u00e0<\/a><\/li>\n<\/ul>\n<p>&nbsp;<\/p>\n<p><strong>Corredisses Galandage,\u00a0les fulles s&#8217;oculten en la paret, quedant l&#8217;espai obert totalment di\u00e0fan<\/strong><\/p>\n<ul>\n<li><a href=\"https:\/\/www.iscletec.com\/proyectos\/casa-soleada-maresme\/es\">Projecte: Casa Maresme<\/a><\/li>\n<\/ul>\n<p>&nbsp;<\/p>\n<p><strong>Corredisses en acordi\u00f3, un sistema que permet la m\u00e0xima amplitud en poc espai<\/strong><\/p>\n<p><a href=\"https:\/\/www.iscletec.com\/proyectos\/casa-poblenou\/ca\">Projecte: Poblenou<\/a><\/p>\n<p><a href=\"https:\/\/www.iscletec.com\/proyectos\/casa-mediterranea\/es\">Projecte: Casa Mediterranea<\/a><\/p>\n<p><a href=\"https:\/\/www.iscletec.com\/proyectos\/brisa-emporda\/ca\">Projecte: Brisa. Empord\u00e0<\/a><\/p>\n<p><strong>Corredisses de 3 fulles, per a grans sales<\/strong><\/p>\n<p><a href=\"https:\/\/www.iscletec.com\/proyectos\/casa-soleada-maresme\/ca\">Projecte: Casa Maresme<\/a><\/p>\n<p><strong>Corredisses de 4 fulles, exclusivitat en fusta, pr\u00f2ximament\u2026<\/strong><\/p>\n<p><img loading=\"lazy\" decoding=\"async\" class=\"alignleft size-large wp-image-3186\" src=\"https:\/\/www.iscletec.com\/\/blog\/wp-content\/uploads\/2023\/07\/DSCN1110-1024x768.jpg\" alt=\"\" width=\"1024\" height=\"768\" srcset=\"https:\/\/www.iscletec.com\/blog\/wp-content\/uploads\/2023\/07\/DSCN1110-1024x768.jpg 1024w, https:\/\/www.iscletec.com\/blog\/wp-content\/uploads\/2023\/07\/DSCN1110-300x225.jpg 300w, https:\/\/www.iscletec.com\/blog\/wp-content\/uploads\/2023\/07\/DSCN1110-768x576.jpg 768w, https:\/\/www.iscletec.com\/blog\/wp-content\/uploads\/2023\/07\/DSCN1110.jpg 1772w\" sizes=\"auto, (max-width: 1024px) 100vw, 1024px\" \/><\/p>\n<div id=\"attachment_3190\" style=\"width: 1034px\" class=\"wp-caption alignleft\"><img loading=\"lazy\" decoding=\"async\" aria-describedby=\"caption-attachment-3190\" class=\"size-large wp-image-3190\" src=\"https:\/\/www.iscletec.com\/\/blog\/wp-content\/uploads\/2023\/07\/1016238-1024x768.jpg\" alt=\"\" width=\"1024\" height=\"768\" srcset=\"https:\/\/www.iscletec.com\/blog\/wp-content\/uploads\/2023\/07\/1016238-1024x768.jpg 1024w, https:\/\/www.iscletec.com\/blog\/wp-content\/uploads\/2023\/07\/1016238-300x225.jpg 300w, https:\/\/www.iscletec.com\/blog\/wp-content\/uploads\/2023\/07\/1016238-768x576.jpg 768w, https:\/\/www.iscletec.com\/blog\/wp-content\/uploads\/2023\/07\/1016238.jpg 2000w\" sizes=\"auto, (max-width: 1024px) 100vw, 1024px\" \/><p id=\"caption-attachment-3190\" class=\"wp-caption-text\">OLYMPUS DIGITAL CAMERA<\/p><\/div>\n<p><img loading=\"lazy\" decoding=\"async\" class=\"size-full wp-image-3191\" src=\"https:\/\/www.iscletec.com\/\/blog\/wp-content\/uploads\/2023\/07\/9245803_cel_baja.jpg\" alt=\"\" width=\"591\" height=\"616\" srcset=\"https:\/\/www.iscletec.com\/blog\/wp-content\/uploads\/2023\/07\/9245803_cel_baja.jpg 591w, https:\/\/www.iscletec.com\/blog\/wp-content\/uploads\/2023\/07\/9245803_cel_baja-288x300.jpg 288w\" sizes=\"auto, (max-width: 591px) 100vw, 591px\" \/><\/p>\n<p>&nbsp;<\/p>","protected":false},"excerpt":{"rendered":"<p>Les finestres corredisses s\u00f3n un format cada m\u00e9s utilitzat en habitatges unifamiliars. En\u00a0Iscletec\u00a0portem m\u00e9s de 40 anys fabricant corredisses totalment personalitzades, que han anat evolucionant amb l&#8217;\u00faltima tecnologia en ferratges, sistemes de pany i vidres d&#8217;altes prestacions. Aquest juliol volem dedicar un especial a les corredisses de fusta, que continuen evolucionant per a proporcionar la [&hellip;]<\/p>\n","protected":false},"author":1,"featured_media":3182,"comment_status":"open","ping_status":"open","sticky":false,"template":"","format":"standard","meta":{"_acf_changed":false,"footnotes":""},"categories":[1],"tags":[],"class_list":["post-3176","post","type-post","status-publish","format-standard","has-post-thumbnail","hentry","category-sin-categoria"],"acf":[],"_links":{"self":[{"href":"https:\/\/www.iscletec.com\/blog\/wp-json\/wp\/v2\/posts\/3176","targetHints":{"allow":["GET"]}}],"collection":[{"href":"https:\/\/www.iscletec.com\/blog\/wp-json\/wp\/v2\/posts"}],"about":[{"href":"https:\/\/www.iscletec.com\/blog\/wp-json\/wp\/v2\/types\/post"}],"author":[{"embeddable":true,"href":"https:\/\/www.iscletec.com\/blog\/wp-json\/wp\/v2\/users\/1"}],"replies":[{"embeddable":true,"href":"https:\/\/www.iscletec.com\/blog\/wp-json\/wp\/v2\/comments?post=3176"}],"version-history":[{"count":15,"href":"https:\/\/www.iscletec.com\/blog\/wp-json\/wp\/v2\/posts\/3176\/revisions"}],"predecessor-version":[{"id":3217,"href":"https:\/\/www.iscletec.com\/blog\/wp-json\/wp\/v2\/posts\/3176\/revisions\/3217"}],"wp:featuredmedia":[{"embeddable":true,"href":"https:\/\/www.iscletec.com\/blog\/wp-json\/wp\/v2\/media\/3182"}],"wp:attachment":[{"href":"https:\/\/www.iscletec.com\/blog\/wp-json\/wp\/v2\/media?parent=3176"}],"wp:term":[{"taxonomy":"category","embeddable":true,"href":"https:\/\/www.iscletec.com\/blog\/wp-json\/wp\/v2\/categories?post=3176"},{"taxonomy":"post_tag","embeddable":true,"href":"https:\/\/www.iscletec.com\/blog\/wp-json\/wp\/v2\/tags?post=3176"}],"curies":[{"name":"wp","href":"https:\/\/api.w.org\/{rel}","templated":true}]}}