{"id":3237,"date":"2023-08-30T09:20:28","date_gmt":"2023-08-30T08:20:28","guid":{"rendered":"https:\/\/iscletec.com\/blog\/?p=3237"},"modified":"2023-08-30T09:59:51","modified_gmt":"2023-08-30T08:59:51","slug":"restauracio-nau-modernista","status":"publish","type":"post","link":"https:\/\/www.iscletec.com\/blog\/restauracio-nau-modernista\/","title":{"rendered":"RESTAURACI\u00d3 NAU MODERNISTA"},"content":{"rendered":"<p><\/p>\n<h2>Pau, calma i reflexi\u00f3, protegit amb finestres de fusta amb vidres ac\u00fastics.<\/h2>\n<p>Iscletec ha dissenyat i fabricat a mida totes les finestres i tancaments de l&#8217;exterior en fusta amb el perfil\u00a0<a href=\"https:\/\/www.iscletec.com\/formatos\/ca\/\"><strong>Iscletec78<\/strong>.<\/a><br \/>\nUn disseny actualitzat sobre l&#8217;estil modernista original, amb les m\u00e0ximes prestacions en a\u00efllament ac\u00fastic.<\/p>\n<p><a href=\"https:\/\/www.iscletec.com\/proyectos\/rehabilitacion-integral-nave-modernista\/ca\/\"><strong>Veure projecte<\/strong><\/a><\/p>\n<p><img loading=\"lazy\" decoding=\"async\" class=\"alignleft size-large wp-image-3241\" src=\"https:\/\/www.iscletec.com\/\/blog\/wp-content\/uploads\/2023\/08\/ventanas-de-madera-barcelona-proyecto-nave-modernista-02-2-1024x768.jpg\" alt=\"\" width=\"1024\" height=\"768\" srcset=\"https:\/\/www.iscletec.com\/blog\/wp-content\/uploads\/2023\/08\/ventanas-de-madera-barcelona-proyecto-nave-modernista-02-2-1024x768.jpg 1024w, https:\/\/www.iscletec.com\/blog\/wp-content\/uploads\/2023\/08\/ventanas-de-madera-barcelona-proyecto-nave-modernista-02-2-300x225.jpg 300w, https:\/\/www.iscletec.com\/blog\/wp-content\/uploads\/2023\/08\/ventanas-de-madera-barcelona-proyecto-nave-modernista-02-2-768x576.jpg 768w, https:\/\/www.iscletec.com\/blog\/wp-content\/uploads\/2023\/08\/ventanas-de-madera-barcelona-proyecto-nave-modernista-02-2.jpg 1500w\" sizes=\"auto, (max-width: 1024px) 100vw, 1024px\" \/><\/p>\n<p><img loading=\"lazy\" decoding=\"async\" class=\"alignleft size-large wp-image-3242\" src=\"https:\/\/www.iscletec.com\/\/blog\/wp-content\/uploads\/2023\/08\/ventanas-de-madera-barcelona-proyecto-nave-modernista-07-1024x768.jpg\" alt=\"\" width=\"1024\" height=\"768\" srcset=\"https:\/\/www.iscletec.com\/blog\/wp-content\/uploads\/2023\/08\/ventanas-de-madera-barcelona-proyecto-nave-modernista-07-1024x768.jpg 1024w, https:\/\/www.iscletec.com\/blog\/wp-content\/uploads\/2023\/08\/ventanas-de-madera-barcelona-proyecto-nave-modernista-07-300x225.jpg 300w, https:\/\/www.iscletec.com\/blog\/wp-content\/uploads\/2023\/08\/ventanas-de-madera-barcelona-proyecto-nave-modernista-07-768x576.jpg 768w, https:\/\/www.iscletec.com\/blog\/wp-content\/uploads\/2023\/08\/ventanas-de-madera-barcelona-proyecto-nave-modernista-07.jpg 1500w\" sizes=\"auto, (max-width: 1024px) 100vw, 1024px\" \/><\/p>\n<p>&nbsp;<\/p>","protected":false},"excerpt":{"rendered":"<p>Pau, calma i reflexi\u00f3, protegit amb finestres de fusta amb vidres ac\u00fastics. Iscletec ha dissenyat i fabricat a mida totes les finestres i tancaments de l&#8217;exterior en fusta amb el perfil\u00a0Iscletec78. Un disseny actualitzat sobre l&#8217;estil modernista original, amb les m\u00e0ximes prestacions en a\u00efllament ac\u00fastic. Veure projecte &nbsp;<\/p>\n","protected":false},"author":1,"featured_media":3238,"comment_status":"open","ping_status":"open","sticky":false,"template":"","format":"standard","meta":{"_acf_changed":false,"footnotes":""},"categories":[4],"tags":[],"class_list":["post-3237","post","type-post","status-publish","format-standard","has-post-thumbnail","hentry","category-proyectos"],"acf":[],"_links":{"self":[{"href":"https:\/\/www.iscletec.com\/blog\/wp-json\/wp\/v2\/posts\/3237","targetHints":{"allow":["GET"]}}],"collection":[{"href":"https:\/\/www.iscletec.com\/blog\/wp-json\/wp\/v2\/posts"}],"about":[{"href":"https:\/\/www.iscletec.com\/blog\/wp-json\/wp\/v2\/types\/post"}],"author":[{"embeddable":true,"href":"https:\/\/www.iscletec.com\/blog\/wp-json\/wp\/v2\/users\/1"}],"replies":[{"embeddable":true,"href":"https:\/\/www.iscletec.com\/blog\/wp-json\/wp\/v2\/comments?post=3237"}],"version-history":[{"count":3,"href":"https:\/\/www.iscletec.com\/blog\/wp-json\/wp\/v2\/posts\/3237\/revisions"}],"predecessor-version":[{"id":3244,"href":"https:\/\/www.iscletec.com\/blog\/wp-json\/wp\/v2\/posts\/3237\/revisions\/3244"}],"wp:featuredmedia":[{"embeddable":true,"href":"https:\/\/www.iscletec.com\/blog\/wp-json\/wp\/v2\/media\/3238"}],"wp:attachment":[{"href":"https:\/\/www.iscletec.com\/blog\/wp-json\/wp\/v2\/media?parent=3237"}],"wp:term":[{"taxonomy":"category","embeddable":true,"href":"https:\/\/www.iscletec.com\/blog\/wp-json\/wp\/v2\/categories?post=3237"},{"taxonomy":"post_tag","embeddable":true,"href":"https:\/\/www.iscletec.com\/blog\/wp-json\/wp\/v2\/tags?post=3237"}],"curies":[{"name":"wp","href":"https:\/\/api.w.org\/{rel}","templated":true}]}}