{"id":3277,"date":"2023-10-16T14:56:11","date_gmt":"2023-10-16T13:56:11","guid":{"rendered":"https:\/\/iscletec.com\/blog\/?p=3277"},"modified":"2023-10-16T16:33:15","modified_gmt":"2023-10-16T15:33:15","slug":"especial-ventanas-bicolor","status":"publish","type":"post","link":"https:\/\/www.iscletec.com\/blog\/especial-ventanas-bicolor\/","title":{"rendered":"ESPECIAL FINESTRES BICOLOR"},"content":{"rendered":"<p>Aquest mes us present\u00e0vem el projecte de la <strong><a href=\"https:\/\/www.iscletec.com\/proyectos\/rehabilitacion-integral-vivienda\/ca\/\">rehabilitaci\u00f3 de la casa G<\/a><\/strong>, dirigida per l&#8217;arquitecta Maria Pujol.<br \/>\nUn elegant projecte que hem realitzat amb finestres en fusta de pi, amb dos acabats diferents a l&#8217;interior- exterior.<\/p>\n<p><strong>Exterior: Lacat en color verd<\/strong><br \/>\n<strong>Interior: Natural protegida amb oli 100% natural.<\/strong><\/p>\n<p>&nbsp;<\/p>\n<p><img loading=\"lazy\" decoding=\"async\" class=\"alignnone wp-image-3280\" src=\"https:\/\/www.iscletec.com\/\/blog\/wp-content\/uploads\/2023\/10\/ventanas-bicolor-01.jpg\" alt=\"VENTANAS BICOLOR Iscletec\" width=\"850\" height=\"567\" srcset=\"https:\/\/www.iscletec.com\/blog\/wp-content\/uploads\/2023\/10\/ventanas-bicolor-01.jpg 1200w, https:\/\/www.iscletec.com\/blog\/wp-content\/uploads\/2023\/10\/ventanas-bicolor-01-300x200.jpg 300w, https:\/\/www.iscletec.com\/blog\/wp-content\/uploads\/2023\/10\/ventanas-bicolor-01-768x512.jpg 768w, https:\/\/www.iscletec.com\/blog\/wp-content\/uploads\/2023\/10\/ventanas-bicolor-01-1024x683.jpg 1024w\" sizes=\"auto, (max-width: 850px) 100vw, 850px\" \/><\/p>\n<p>&nbsp;<\/p>\n<p>A Iscletec hem realitzant infinits projectes amb dos acabats diferents a l&#8217;exterior i interior.<br \/>\nLes nostres finestres i correderes de fusta s\u00f3n dissenyades i fabricades 100% a mida, podent sol\u00b7licitar qualsevol tipus d&#8217;acabat i color, tant en l&#8217;exterior com a l&#8217;interior.<\/p>\n<p><strong>Alguns exemples en fusta de PI, lacada amb 2 colors diferents en l&#8217;exterior i interior.<\/strong><br \/>\n<strong>La fusta de PI ofereix una superf\u00edcie \u00f2ptima, llisa i uniforme, per al lacatge.<\/strong><\/p>\n<hr \/>\n<p>&nbsp;<\/p>\n<p><img loading=\"lazy\" decoding=\"async\" class=\"size-full wp-image-3281 alignnone\" src=\"https:\/\/www.iscletec.com\/\/blog\/wp-content\/uploads\/2023\/10\/ventanas-bicolor-02.jpg\" alt=\"VENTANAS BICOLOR Iscletec\" width=\"1200\" height=\"800\" srcset=\"https:\/\/www.iscletec.com\/blog\/wp-content\/uploads\/2023\/10\/ventanas-bicolor-02.jpg 1200w, https:\/\/www.iscletec.com\/blog\/wp-content\/uploads\/2023\/10\/ventanas-bicolor-02-300x200.jpg 300w, https:\/\/www.iscletec.com\/blog\/wp-content\/uploads\/2023\/10\/ventanas-bicolor-02-768x512.jpg 768w, https:\/\/www.iscletec.com\/blog\/wp-content\/uploads\/2023\/10\/ventanas-bicolor-02-1024x683.jpg 1024w\" sizes=\"auto, (max-width: 1200px) 100vw, 1200px\" \/><\/p>\n<p>&nbsp;<\/p>\n<h3>Exemple1:<\/h3>\n<p><strong>Lacat 2 cares amb 2 colors diferents.<\/strong><br \/>\nFusta: PI, la fusta de pi ofereix una superf\u00edcie \u00f2ptima, llisa i uniforme, per al lacat.<br \/>\nExterior: lacat en color marr\u00f3- Segons Normativa edificis i fa\u00e7anes protegides de Barcelona.<br \/>\nInterior: lacat en color blanc RAL 9016<br \/>\n<a href=\"https:\/\/www.iscletec.com\/proyectos\/rehabilitacion-integral-nave-modernista\/ca\/\" target=\"_blank\" rel=\"noopener\">VEURE EL PROJECTE<\/a><\/p>\n<hr \/>\n<p>&nbsp;<\/p>\n<h3><img loading=\"lazy\" decoding=\"async\" class=\"size-full wp-image-3282 alignnone\" src=\"https:\/\/www.iscletec.com\/\/blog\/wp-content\/uploads\/2023\/10\/ventanas-bicolor-03.jpg\" alt=\"VENTANAS BICOLOR Iscletec\" width=\"1200\" height=\"800\" srcset=\"https:\/\/www.iscletec.com\/blog\/wp-content\/uploads\/2023\/10\/ventanas-bicolor-03.jpg 1200w, https:\/\/www.iscletec.com\/blog\/wp-content\/uploads\/2023\/10\/ventanas-bicolor-03-300x200.jpg 300w, https:\/\/www.iscletec.com\/blog\/wp-content\/uploads\/2023\/10\/ventanas-bicolor-03-768x512.jpg 768w, https:\/\/www.iscletec.com\/blog\/wp-content\/uploads\/2023\/10\/ventanas-bicolor-03-1024x683.jpg 1024w\" sizes=\"auto, (max-width: 1200px) 100vw, 1200px\" \/><\/h3>\n<h3>Exemple2:<\/h3>\n<p><strong>Lacat 2 cares amb 2 colors diferents, incl\u00f2s Portons<\/strong><br \/>\nBalconeres oscil\u00b7lobatents i dissenyades cuidant el disseny original<br \/>\nPintat bicolor en blanc seda i Blau pedra exterior<br \/>\n<a href=\"https:\/\/www.iscletec.com\/proyectos\/casa-caspe-etica-estetica\/ca\/\" target=\"_blank\" rel=\"noopener\">VEURE EL PROJECTE<\/a><\/p>\n<hr \/>\n<p>&nbsp;<\/p>\n<p><img loading=\"lazy\" decoding=\"async\" class=\"size-full wp-image-3283 alignnone\" src=\"https:\/\/www.iscletec.com\/\/blog\/wp-content\/uploads\/2023\/10\/ventanas-bicolor-04.jpg\" alt=\"VENTANAS BICOLOR Iscletec\" width=\"1200\" height=\"800\" srcset=\"https:\/\/www.iscletec.com\/blog\/wp-content\/uploads\/2023\/10\/ventanas-bicolor-04.jpg 1200w, https:\/\/www.iscletec.com\/blog\/wp-content\/uploads\/2023\/10\/ventanas-bicolor-04-300x200.jpg 300w, https:\/\/www.iscletec.com\/blog\/wp-content\/uploads\/2023\/10\/ventanas-bicolor-04-768x512.jpg 768w, https:\/\/www.iscletec.com\/blog\/wp-content\/uploads\/2023\/10\/ventanas-bicolor-04-1024x683.jpg 1024w\" sizes=\"auto, (max-width: 1200px) 100vw, 1200px\" \/><\/p>\n<h3>Exemple3:<\/h3>\n<p>Lacat 2 cares amb 2 colors diferents, incl\u00f2s Portons<br \/>\nBalconeres oscil\u00b7lobatents i dissenyades cuidant el disseny original<br \/>\nPintat bicolor en blanc seda i Blau pedra exterior<br \/>\n<a href=\"https:\/\/www.iscletec.com\/proyectos\/casa-sant-vicenc-montal\/ca\/\" target=\"_blank\" rel=\"noopener\">VEURE EL PROJECTE<\/a><\/p>\n<hr \/>\n<p>&nbsp;<\/p>\n<p><img loading=\"lazy\" decoding=\"async\" class=\"size-full wp-image-3284 alignnone\" src=\"https:\/\/www.iscletec.com\/\/blog\/wp-content\/uploads\/2023\/10\/ventanas-bicolor-05.jpg\" alt=\"VENTANAS BICOLOR Iscletec\" width=\"1200\" height=\"800\" srcset=\"https:\/\/www.iscletec.com\/blog\/wp-content\/uploads\/2023\/10\/ventanas-bicolor-05.jpg 1200w, https:\/\/www.iscletec.com\/blog\/wp-content\/uploads\/2023\/10\/ventanas-bicolor-05-300x200.jpg 300w, https:\/\/www.iscletec.com\/blog\/wp-content\/uploads\/2023\/10\/ventanas-bicolor-05-768x512.jpg 768w, https:\/\/www.iscletec.com\/blog\/wp-content\/uploads\/2023\/10\/ventanas-bicolor-05-1024x683.jpg 1024w\" sizes=\"auto, (max-width: 1200px) 100vw, 1200px\" \/><\/p>\n<h3>Exemple4:<\/h3>\n<p>Lacat 2 cares amb 2 colors diferents, incl\u00f2s Portons<br \/>\nElegant edifici modernista, dins dels nostres projectes #VestimosBarcelona.<br \/>\nFinestres dissenyades, seguint l&#8217;estructura modernista de dues fulles i part inferior oculta amb motllura.<br \/>\nPortons de llibret m\u00f2bil amb disseny cl\u00e0ssic modernista.<br \/>\nExterior1- Fa\u00e7ana carrer: Color Mocca per la seva fa\u00e7ana principal conservant aix\u00ed el Patrimoni Arquitect\u00f2nic de Barcelona.<br \/>\nExterior2- Fa\u00e7ana interior &#8211; pati: Verd Esmeralda: color tradicional de la ciutat que respecta la seva llarga i rica cultura urban\u00edstica<br \/>\nInterior: Blanc SEDA.<br \/>\n<a href=\"https:\/\/www.iscletec.com\/proyectos\/vestimos-barcelona-casa-caspe\/ca\/\" target=\"_blank\" rel=\"noopener\">VEURE EL PROJECTE<\/a><\/p>\n<p><\/p>","protected":false},"excerpt":{"rendered":"<p>Aquest mes us present\u00e0vem el projecte de la rehabilitaci\u00f3 de la casa G, dirigida per l&#8217;arquitecta Maria Pujol. Un elegant projecte que hem realitzat amb finestres en fusta de pi, amb dos acabats diferents a l&#8217;interior- exterior. Exterior: Lacat en color verd Interior: Natural protegida amb oli 100% natural. &nbsp; &nbsp; A Iscletec hem realitzant [&hellip;]<\/p>\n","protected":false},"author":1,"featured_media":3295,"comment_status":"open","ping_status":"open","sticky":false,"template":"","format":"standard","meta":{"_acf_changed":false,"footnotes":""},"categories":[4],"tags":[],"class_list":["post-3277","post","type-post","status-publish","format-standard","has-post-thumbnail","hentry","category-proyectos"],"acf":[],"_links":{"self":[{"href":"https:\/\/www.iscletec.com\/blog\/wp-json\/wp\/v2\/posts\/3277","targetHints":{"allow":["GET"]}}],"collection":[{"href":"https:\/\/www.iscletec.com\/blog\/wp-json\/wp\/v2\/posts"}],"about":[{"href":"https:\/\/www.iscletec.com\/blog\/wp-json\/wp\/v2\/types\/post"}],"author":[{"embeddable":true,"href":"https:\/\/www.iscletec.com\/blog\/wp-json\/wp\/v2\/users\/1"}],"replies":[{"embeddable":true,"href":"https:\/\/www.iscletec.com\/blog\/wp-json\/wp\/v2\/comments?post=3277"}],"version-history":[{"count":11,"href":"https:\/\/www.iscletec.com\/blog\/wp-json\/wp\/v2\/posts\/3277\/revisions"}],"predecessor-version":[{"id":3294,"href":"https:\/\/www.iscletec.com\/blog\/wp-json\/wp\/v2\/posts\/3277\/revisions\/3294"}],"wp:featuredmedia":[{"embeddable":true,"href":"https:\/\/www.iscletec.com\/blog\/wp-json\/wp\/v2\/media\/3295"}],"wp:attachment":[{"href":"https:\/\/www.iscletec.com\/blog\/wp-json\/wp\/v2\/media?parent=3277"}],"wp:term":[{"taxonomy":"category","embeddable":true,"href":"https:\/\/www.iscletec.com\/blog\/wp-json\/wp\/v2\/categories?post=3277"},{"taxonomy":"post_tag","embeddable":true,"href":"https:\/\/www.iscletec.com\/blog\/wp-json\/wp\/v2\/tags?post=3277"}],"curies":[{"name":"wp","href":"https:\/\/api.w.org\/{rel}","templated":true}]}}