{"id":3424,"date":"2023-12-04T11:15:26","date_gmt":"2023-12-04T10:15:26","guid":{"rendered":"https:\/\/iscletec.com\/blog\/?p=3424"},"modified":"2023-12-04T11:17:58","modified_gmt":"2023-12-04T10:17:58","slug":"12-mesos-12-projectes","status":"publish","type":"post","link":"https:\/\/www.iscletec.com\/blog\/12-mesos-12-projectes\/","title":{"rendered":"12 mesos, 12 projectes"},"content":{"rendered":"<p>Ens acostem a final d&#8217;any amb grans projectes\u00a0realitzats\u00a0i amb molts reptes complerts.<br \/>\nUn treball basat en la const\u00e0ncia, esfor\u00e7 i sobretot, en la vostra confian\u00e7a.<br \/>\nUs convidem que ens digueu quin projecte us ha agradat m\u00e9s sobre la selecci\u00f3 que hem dut a terme.<\/p>\n<h2><em><strong><a href=\"https:\/\/www.survio.com\/survey\/d\/R3J8T7K5P9M0T6U9X\">VOTA El TEU PROJECTE PREFERIT AQU\u00cd<\/a><\/strong><\/em><\/h2>\n<p>No es\u00a0tracta\u00a0d&#8217;un concurs, solament de saber quins s\u00f3n els projectes millor valorats per vosaltres,<br \/>\ni con\u00e8ixer aix\u00ed millor el que m\u00e9s valoreu per a millorar el nostre treball, al costat de vosaltres.<\/p>\n<p>&nbsp;<\/p>\n<p><em><strong>CONEIX TOTS ELS PROJECTES<\/strong><\/em><\/p>\n<ul>\n<li><em><strong><a href=\"https:\/\/www.iscletec.com\/proyectos\/casa-cos\/es\/\">PROJECTE 1<\/a> \u2192 Resurrecci\u00f3 d&#8217;una tradicional casa urbana<\/strong><\/em><\/li>\n<li><em><strong><a href=\"https:\/\/www.iscletec.com\/proyectos\/rehabilitacion-integral-vivienda\/es\/\">PROJECTE 2<\/a> \u2192 Arquitectura, respectuosa i sostenible<\/strong><\/em><\/li>\n<li><em><strong><a href=\"https:\/\/www.iscletec.com\/proyectos\/rehabilitacion-integral-nave-modernista\/es\/\">PROJECTE 3<\/a> \u2192 Reforma integral nau modernista<\/strong><\/em><\/li>\n<li><em><strong><a href=\"https:\/\/www.iscletec.com\/proyectos\/rehabilitacion-vivienda-barcelona\/es\/\">PROJECTE 4<\/a> \u2192 Rehabilitaci\u00f3 habitatge Barcelona<\/strong><\/em><\/li>\n<li><em><strong><a href=\"https:\/\/www.iscletec.com\/proyectos\/casa-mariela\/es\/\">PROJECTE 5<\/a> \u2192 Casa\u00a0Mariela<\/strong><\/em><\/li>\n<li><em><strong><a href=\"https:\/\/www.iscletec.com\/proyectos\/reforma-integral-vivienda-modernista\/es\/\">PROJECTE 6<\/a> \u2192 Reforma integral en un habitatge modernista<\/strong><\/em><\/li>\n<li><em><strong><a href=\"https:\/\/www.iscletec.com\/proyectos\/vivienda-vertical\/es\/\">PROJECTE 7<\/a> \u2192 Elegant, geom\u00e8trica i vertical<\/strong><\/em><\/li>\n<li><em><strong><a href=\"https:\/\/www.iscletec.com\/proyectos\/begur-casa-unifamiliar\/es\/\">PROJECTE 8<\/a> \u2192 Viure en la Costa Brava<\/strong><\/em><\/li>\n<li><em><strong><a href=\"https:\/\/www.iscletec.com\/proyectos\/un-paseo-por-el-tiempo\/es\/\">PROJECTE 9<\/a> \u2192 Un passeig pel temps<\/strong><\/em><\/li>\n<li><em><strong><a href=\"https:\/\/www.iscletec.com\/proyectos\/casa-en-los-pirineos\/es\/\">PROJECTE 10<\/a> \u2192 Viure sota un mantell d&#8217;estrelles<\/strong><\/em><\/li>\n<li><em><strong><a href=\"https:\/\/www.iscletec.com\/proyectos\/aire-del-maresme\/es\/\">PROJECTE 11<\/a> \u2192 Aire del Maresme<\/strong><\/em><\/li>\n<li><em><strong><a href=\"https:\/\/www.iscletec.com\/proyectos\/casa-caspe-etica-estetica\/es\/\">PROJECTE 12<\/a> \u2192 \u00c8tica i\u00a0est\u00e8tica<\/strong><\/em><\/li>\n<\/ul>\n<p>&nbsp;<\/p>","protected":false},"excerpt":{"rendered":"<p>Ens acostem a final d&#8217;any amb grans projectes\u00a0realitzats\u00a0i amb molts reptes complerts. Un treball basat en la const\u00e0ncia, esfor\u00e7 i sobretot, en la vostra confian\u00e7a. Us convidem que ens digueu quin projecte us ha agradat m\u00e9s sobre la selecci\u00f3 que hem dut a terme. VOTA El TEU PROJECTE PREFERIT AQU\u00cd No es\u00a0tracta\u00a0d&#8217;un concurs, solament de [&hellip;]<\/p>\n","protected":false},"author":1,"featured_media":3443,"comment_status":"open","ping_status":"open","sticky":false,"template":"","format":"standard","meta":{"_acf_changed":false,"footnotes":""},"categories":[1],"tags":[],"class_list":["post-3424","post","type-post","status-publish","format-standard","has-post-thumbnail","hentry","category-sin-categoria"],"acf":[],"_links":{"self":[{"href":"https:\/\/www.iscletec.com\/blog\/wp-json\/wp\/v2\/posts\/3424","targetHints":{"allow":["GET"]}}],"collection":[{"href":"https:\/\/www.iscletec.com\/blog\/wp-json\/wp\/v2\/posts"}],"about":[{"href":"https:\/\/www.iscletec.com\/blog\/wp-json\/wp\/v2\/types\/post"}],"author":[{"embeddable":true,"href":"https:\/\/www.iscletec.com\/blog\/wp-json\/wp\/v2\/users\/1"}],"replies":[{"embeddable":true,"href":"https:\/\/www.iscletec.com\/blog\/wp-json\/wp\/v2\/comments?post=3424"}],"version-history":[{"count":21,"href":"https:\/\/www.iscletec.com\/blog\/wp-json\/wp\/v2\/posts\/3424\/revisions"}],"predecessor-version":[{"id":3449,"href":"https:\/\/www.iscletec.com\/blog\/wp-json\/wp\/v2\/posts\/3424\/revisions\/3449"}],"wp:featuredmedia":[{"embeddable":true,"href":"https:\/\/www.iscletec.com\/blog\/wp-json\/wp\/v2\/media\/3443"}],"wp:attachment":[{"href":"https:\/\/www.iscletec.com\/blog\/wp-json\/wp\/v2\/media?parent=3424"}],"wp:term":[{"taxonomy":"category","embeddable":true,"href":"https:\/\/www.iscletec.com\/blog\/wp-json\/wp\/v2\/categories?post=3424"},{"taxonomy":"post_tag","embeddable":true,"href":"https:\/\/www.iscletec.com\/blog\/wp-json\/wp\/v2\/tags?post=3424"}],"curies":[{"name":"wp","href":"https:\/\/api.w.org\/{rel}","templated":true}]}}