{"id":3667,"date":"2024-04-16T09:05:50","date_gmt":"2024-04-16T08:05:50","guid":{"rendered":"https:\/\/iscletec.com\/blog\/?p=3667"},"modified":"2024-04-19T10:51:09","modified_gmt":"2024-04-19T09:51:09","slug":"aires-del-maresme","status":"publish","type":"post","link":"https:\/\/www.iscletec.com\/blog\/aires-del-maresme\/","title":{"rendered":"AIRES DEL MARESME"},"content":{"rendered":"<p><\/p>\n<h2>Blanca, fusta verda i cel blau.<\/h2>\n<p>&nbsp;<\/p>\n<p style=\"text-align: center;\">Presentem aquest preci\u00f3s <strong>habitatge unifamiliar<\/strong>, situat en una privilegiada urbanitzaci\u00f3 del Maresme.<\/p>\n<p>&nbsp;<\/p>\n<p><img loading=\"lazy\" decoding=\"async\" class=\"aligncenter size-full wp-image-3690\" src=\"https:\/\/www.iscletec.com\/\/blog\/wp-content\/uploads\/2024\/04\/foto-detall-1-1.jpg\" alt=\"\" width=\"1848\" height=\"1472\" srcset=\"https:\/\/www.iscletec.com\/blog\/wp-content\/uploads\/2024\/04\/foto-detall-1-1.jpg 1848w, https:\/\/www.iscletec.com\/blog\/wp-content\/uploads\/2024\/04\/foto-detall-1-1-300x239.jpg 300w, https:\/\/www.iscletec.com\/blog\/wp-content\/uploads\/2024\/04\/foto-detall-1-1-768x612.jpg 768w, https:\/\/www.iscletec.com\/blog\/wp-content\/uploads\/2024\/04\/foto-detall-1-1-1024x816.jpg 1024w\" sizes=\"auto, (max-width: 1848px) 100vw, 1848px\" \/><\/p>\n<p>&nbsp;<\/p>\n<p>Un habitatge rehabilitat per<a href=\"https:\/\/nodearquitectura.cat\/\"> l&#8217;estudi\u00a0NODE\u00a0arquitectura<\/a>, que recull l&#8217;atemporalitat de l&#8217;habitatge residencial del Maresme, entre pins i l&#8217;omnipresent cel blau.<\/p>\n<p>Aquesta exclusiva casa d&#8217;una gran planta central, amb una segona altura per a les habitacions, s&#8217;est\u00e9n en el magn\u00edfic jard\u00ed, integrant-se en el paisatge a trav\u00e9s de nostres\u00a0<strong>balconeres\u00a0corredisses de 2 i 3 fulles<\/strong>, i en la part superior, \u00e0mplies <strong>finestres corredisses de dues fulles.<\/strong><\/p>\n<p>&nbsp;<\/p>\n<p>A m\u00e9s, d&#8217;uns impressionants <strong>finestrals fixos<\/strong> tant en la part inferior com superior, i altres <strong>tancaments amb obertura oscil\u00b7lobatent<\/strong>, que proporcionen una fluida ventilaci\u00f3 i refresquen l&#8217;interior en els mesos d&#8217;estiu.<\/p>\n<p>&nbsp;<\/p>\n<p>Destaquem tamb\u00e9 boniques <strong>portes practicables amb vidres fixos<\/strong> en algunes de les estades, i altres detalls del nostre treball, totalment personalitzat.<\/p>\n<p>&nbsp;<\/p>\n<p><img loading=\"lazy\" decoding=\"async\" class=\"aligncenter wp-image-3672 size-full\" src=\"https:\/\/www.iscletec.com\/\/blog\/wp-content\/uploads\/2024\/04\/Copia-de-fotos-blog.jpg\" alt=\"\" width=\"4252\" height=\"2612\" srcset=\"https:\/\/www.iscletec.com\/blog\/wp-content\/uploads\/2024\/04\/Copia-de-fotos-blog.jpg 4252w, https:\/\/www.iscletec.com\/blog\/wp-content\/uploads\/2024\/04\/Copia-de-fotos-blog-300x184.jpg 300w, https:\/\/www.iscletec.com\/blog\/wp-content\/uploads\/2024\/04\/Copia-de-fotos-blog-768x472.jpg 768w, https:\/\/www.iscletec.com\/blog\/wp-content\/uploads\/2024\/04\/Copia-de-fotos-blog-1024x629.jpg 1024w\" sizes=\"auto, (max-width: 4252px) 100vw, 4252px\" \/><\/p>\n<p>&nbsp;<\/p>\n<p><strong><em>Finestres de Fusta<\/em><\/strong><\/p>\n<p><strong><em>Perfil: <a href=\"https:\/\/www.iscletec.com\/ventanas-madera-iscletec-78\/es\/\">Iscletec78<\/a><\/em><\/strong><\/p>\n<p>&nbsp;<\/p>\n<p><strong><em>Vidres sota emissius.<\/em><\/strong><\/p>\n<p>&nbsp;<\/p>\n<p>Pi lacat en color verd seda, igualat a les bigues de fusta.<\/p>\n<p>&nbsp;<\/p>\n<p>Vern\u00eds incolor en totes dues cares, ecol\u00f2gics i d&#8217;\u00faltima generaci\u00f3, molt resistents a l&#8217;exterior i amb protecci\u00f3 als raigs ultraviolats, evitant les esquerdes dels vernissos sint\u00e8tics.<\/p>","protected":false},"excerpt":{"rendered":"<p>Blanca, fusta verda i cel blau. &nbsp; Presentem aquest preci\u00f3s habitatge unifamiliar, situat en una privilegiada urbanitzaci\u00f3 del Maresme. &nbsp; &nbsp; Un habitatge rehabilitat per l&#8217;estudi\u00a0NODE\u00a0arquitectura, que recull l&#8217;atemporalitat de l&#8217;habitatge residencial del Maresme, entre pins i l&#8217;omnipresent cel blau. Aquesta exclusiva casa d&#8217;una gran planta central, amb una segona altura per a les habitacions, [&hellip;]<\/p>\n","protected":false},"author":1,"featured_media":3668,"comment_status":"open","ping_status":"open","sticky":false,"template":"","format":"standard","meta":{"_acf_changed":false,"footnotes":""},"categories":[4],"tags":[],"class_list":["post-3667","post","type-post","status-publish","format-standard","has-post-thumbnail","hentry","category-proyectos"],"acf":[],"_links":{"self":[{"href":"https:\/\/www.iscletec.com\/blog\/wp-json\/wp\/v2\/posts\/3667","targetHints":{"allow":["GET"]}}],"collection":[{"href":"https:\/\/www.iscletec.com\/blog\/wp-json\/wp\/v2\/posts"}],"about":[{"href":"https:\/\/www.iscletec.com\/blog\/wp-json\/wp\/v2\/types\/post"}],"author":[{"embeddable":true,"href":"https:\/\/www.iscletec.com\/blog\/wp-json\/wp\/v2\/users\/1"}],"replies":[{"embeddable":true,"href":"https:\/\/www.iscletec.com\/blog\/wp-json\/wp\/v2\/comments?post=3667"}],"version-history":[{"count":16,"href":"https:\/\/www.iscletec.com\/blog\/wp-json\/wp\/v2\/posts\/3667\/revisions"}],"predecessor-version":[{"id":3692,"href":"https:\/\/www.iscletec.com\/blog\/wp-json\/wp\/v2\/posts\/3667\/revisions\/3692"}],"wp:featuredmedia":[{"embeddable":true,"href":"https:\/\/www.iscletec.com\/blog\/wp-json\/wp\/v2\/media\/3668"}],"wp:attachment":[{"href":"https:\/\/www.iscletec.com\/blog\/wp-json\/wp\/v2\/media?parent=3667"}],"wp:term":[{"taxonomy":"category","embeddable":true,"href":"https:\/\/www.iscletec.com\/blog\/wp-json\/wp\/v2\/categories?post=3667"},{"taxonomy":"post_tag","embeddable":true,"href":"https:\/\/www.iscletec.com\/blog\/wp-json\/wp\/v2\/tags?post=3667"}],"curies":[{"name":"wp","href":"https:\/\/api.w.org\/{rel}","templated":true}]}}