{"id":3751,"date":"2024-06-04T09:48:20","date_gmt":"2024-06-04T08:48:20","guid":{"rendered":"https:\/\/www.iscletec.com\/blog\/?p=3751"},"modified":"2024-06-05T08:47:43","modified_gmt":"2024-06-05T07:47:43","slug":"tradicio-familiar","status":"publish","type":"post","link":"https:\/\/www.iscletec.com\/blog\/tradicio-familiar\/","title":{"rendered":"TRADICI\u00d3 FAMILIAR"},"content":{"rendered":"<p><img loading=\"lazy\" decoding=\"async\" class=\"alignleft size-full wp-image-3757\" src=\"https:\/\/www.iscletec.com\/blog\/wp-content\/uploads\/2024\/06\/3.jpg\" alt=\"\" width=\"4252\" height=\"2612\" srcset=\"https:\/\/www.iscletec.com\/blog\/wp-content\/uploads\/2024\/06\/3.jpg 4252w, https:\/\/www.iscletec.com\/blog\/wp-content\/uploads\/2024\/06\/3-300x184.jpg 300w, https:\/\/www.iscletec.com\/blog\/wp-content\/uploads\/2024\/06\/3-768x472.jpg 768w, https:\/\/www.iscletec.com\/blog\/wp-content\/uploads\/2024\/06\/3-1024x629.jpg 1024w\" sizes=\"auto, (max-width: 4252px) 100vw, 4252px\" \/><\/p>\n<p>&nbsp;<br \/>\n<strong>Finestres bicolor amb persianes de llibret<\/strong><\/p>\n<p>Presentem aquest singular habitatge unifamiliar, situat al Maresme.<br \/>\nUna casa que respira &#8220;fam\u00edlia&#8221;, amb agradables espais per a compartir i gaudir del temps lliure,<br \/>\ndurant tot l&#8217;any.<br \/>\n&nbsp;<br \/>\nLa casa amb un elegant disseny de la d\u00e8cada dels 70, compta amb tots els tancaments exteriors en fusta natural. Finestres i corredisses de pi que gr\u00e0cies a un bon manteniment es conserven en perfecte estat. No obstant aix\u00f2, en les zones m\u00e9s exposades si que es requeria una renovaci\u00f3 per noves finestres de fusta, que mantinguessin l&#8217;est\u00e8tica original.<br \/>\n&nbsp;<br \/>\n<strong>Pi natural bicolor<\/strong><br \/>\n<strong>Interior lacat en blanc- Exterior tint en marr\u00f3 moca.<\/strong><br \/>\n&nbsp;<br \/>\n<img loading=\"lazy\" decoding=\"async\" class=\"alignleft size-full wp-image-3758\" src=\"https:\/\/www.iscletec.com\/blog\/wp-content\/uploads\/2024\/06\/4.jpg\" alt=\"\" width=\"4252\" height=\"2612\" srcset=\"https:\/\/www.iscletec.com\/blog\/wp-content\/uploads\/2024\/06\/4.jpg 4252w, https:\/\/www.iscletec.com\/blog\/wp-content\/uploads\/2024\/06\/4-300x184.jpg 300w, https:\/\/www.iscletec.com\/blog\/wp-content\/uploads\/2024\/06\/4-768x472.jpg 768w, https:\/\/www.iscletec.com\/blog\/wp-content\/uploads\/2024\/06\/4-1024x629.jpg 1024w\" sizes=\"auto, (max-width: 4252px) 100vw, 4252px\" \/><br \/>\n&nbsp;<br \/>\nIscletec ha dissenyat i fabricat les noves finestres de la planta baixa, amb perfil Iscletec78.<br \/>\nFinestres que igualen el disseny original, per\u00f2 amb les \u00faltimes prestacions en a\u00efllament i seguretat.<br \/>\n<a href=\"https:\/\/www.iscletec.com\/vidrios-aislamiento-acustico-termico\/ca\/\">Vidres baixa emissius &#8211; ampliar info<\/a><br \/>\nFerratges amb obertura oscil\u00b7lobatent (en aquest cas, el client tamb\u00e9 els va sol\u00b7licitar en color blanc)<br \/>\n<a href=\"https:\/\/www.iscletec.com\/herrajes-ventanas-madera\/es\/\">Sistema d&#8217;alarma integrat &#8211; ampliar info<\/a><br \/>\n&nbsp;<br \/>\n<img loading=\"lazy\" decoding=\"async\" class=\"alignleft size-full wp-image-3759\" src=\"https:\/\/www.iscletec.com\/blog\/wp-content\/uploads\/2024\/06\/5.jpg\" alt=\"\" width=\"4252\" height=\"2612\" srcset=\"https:\/\/www.iscletec.com\/blog\/wp-content\/uploads\/2024\/06\/5.jpg 4252w, https:\/\/www.iscletec.com\/blog\/wp-content\/uploads\/2024\/06\/5-300x184.jpg 300w, https:\/\/www.iscletec.com\/blog\/wp-content\/uploads\/2024\/06\/5-768x472.jpg 768w, https:\/\/www.iscletec.com\/blog\/wp-content\/uploads\/2024\/06\/5-1024x629.jpg 1024w\" sizes=\"auto, (max-width: 4252px) 100vw, 4252px\" \/><br \/>\n&nbsp;<br \/>\n<strong>S\u00f2bries, c\u00e0lides i confortables, al llarg dels anys&#8230;<\/strong><br \/>\nEl lacat en color blanc, incl\u00f2s els ferratges, aporten a l&#8217;interior de major lluminositat i amplitud.<br \/>\nA l&#8217;exterior, el pi ha estat tractat amb tint i vern\u00eds ecol\u00f2gic, en color marr\u00f3 moca.<br \/>\nUn elegant to, totalment personalitzat, per a igualar el color dels actuals tancaments i portons.<br \/>\nUn tractament que protegeix i augmenta la durabilitat de la fusta a l&#8217;exterior, preservant la textura natural i dibuix de les vetes del pi.<br \/>\n&nbsp;<br \/>\n<img loading=\"lazy\" decoding=\"async\" class=\"alignleft size-full wp-image-3760\" src=\"https:\/\/www.iscletec.com\/blog\/wp-content\/uploads\/2024\/06\/6.jpg\" alt=\"\" width=\"4252\" height=\"2612\" srcset=\"https:\/\/www.iscletec.com\/blog\/wp-content\/uploads\/2024\/06\/6.jpg 4252w, https:\/\/www.iscletec.com\/blog\/wp-content\/uploads\/2024\/06\/6-300x184.jpg 300w, https:\/\/www.iscletec.com\/blog\/wp-content\/uploads\/2024\/06\/6-768x472.jpg 768w, https:\/\/www.iscletec.com\/blog\/wp-content\/uploads\/2024\/06\/6-1024x629.jpg 1024w\" sizes=\"auto, (max-width: 4252px) 100vw, 4252px\" \/><\/p>\n<p>&nbsp;<\/p>\n<p><strong>Portons m\u00f2bils de llibret<\/strong><br \/>\nProtecci\u00f3 i control solar, augmentant el confort i efici\u00e8ncia energ\u00e8tica a l&#8217;interior<br \/>\nIscletec compta amb l&#8217;\u00faltima tecnologia en maquin\u00e0ria de control num\u00e8ric &#8211; Winline16.<br \/>\nDissenyem i fabriquem qualsevol tipus de tancament en fusta, amb mecanitzats i formes especials, des de portes de llibret m\u00f2bils fins a complexes correderes de diversos carrils instal\u00b7lades a cota zero, galandage, etc.<\/p>\n<p>&nbsp;<\/p>\n<p><img loading=\"lazy\" decoding=\"async\" class=\"alignleft size-full wp-image-3761\" src=\"https:\/\/www.iscletec.com\/blog\/wp-content\/uploads\/2024\/06\/7.jpg\" alt=\"\" width=\"4252\" height=\"2612\" srcset=\"https:\/\/www.iscletec.com\/blog\/wp-content\/uploads\/2024\/06\/7.jpg 4252w, https:\/\/www.iscletec.com\/blog\/wp-content\/uploads\/2024\/06\/7-300x184.jpg 300w, https:\/\/www.iscletec.com\/blog\/wp-content\/uploads\/2024\/06\/7-768x472.jpg 768w, https:\/\/www.iscletec.com\/blog\/wp-content\/uploads\/2024\/06\/7-1024x629.jpg 1024w\" sizes=\"auto, (max-width: 4252px) 100vw, 4252px\" \/><\/p>\n<p><img loading=\"lazy\" decoding=\"async\" class=\"alignleft size-full wp-image-3762\" src=\"https:\/\/www.iscletec.com\/blog\/wp-content\/uploads\/2024\/06\/ISCLETEC-FOTOS-BLOG.jpg\" alt=\"\" width=\"4252\" height=\"2612\" srcset=\"https:\/\/www.iscletec.com\/blog\/wp-content\/uploads\/2024\/06\/ISCLETEC-FOTOS-BLOG.jpg 4252w, https:\/\/www.iscletec.com\/blog\/wp-content\/uploads\/2024\/06\/ISCLETEC-FOTOS-BLOG-300x184.jpg 300w, https:\/\/www.iscletec.com\/blog\/wp-content\/uploads\/2024\/06\/ISCLETEC-FOTOS-BLOG-768x472.jpg 768w, https:\/\/www.iscletec.com\/blog\/wp-content\/uploads\/2024\/06\/ISCLETEC-FOTOS-BLOG-1024x629.jpg 1024w\" sizes=\"auto, (max-width: 4252px) 100vw, 4252px\" \/><\/p>","protected":false},"excerpt":{"rendered":"<p>&nbsp; Finestres bicolor amb persianes de llibret Presentem aquest singular habitatge unifamiliar, situat al Maresme. Una casa que respira &#8220;fam\u00edlia&#8221;, amb agradables espais per a compartir i gaudir del temps lliure, durant tot l&#8217;any. &nbsp; La casa amb un elegant disseny de la d\u00e8cada dels 70, compta amb tots els tancaments exteriors en fusta natural. [&hellip;]<\/p>\n","protected":false},"author":1,"featured_media":3780,"comment_status":"open","ping_status":"open","sticky":false,"template":"","format":"standard","meta":{"_acf_changed":false,"footnotes":""},"categories":[4],"tags":[],"class_list":["post-3751","post","type-post","status-publish","format-standard","has-post-thumbnail","hentry","category-proyectos"],"acf":[],"_links":{"self":[{"href":"https:\/\/www.iscletec.com\/blog\/wp-json\/wp\/v2\/posts\/3751","targetHints":{"allow":["GET"]}}],"collection":[{"href":"https:\/\/www.iscletec.com\/blog\/wp-json\/wp\/v2\/posts"}],"about":[{"href":"https:\/\/www.iscletec.com\/blog\/wp-json\/wp\/v2\/types\/post"}],"author":[{"embeddable":true,"href":"https:\/\/www.iscletec.com\/blog\/wp-json\/wp\/v2\/users\/1"}],"replies":[{"embeddable":true,"href":"https:\/\/www.iscletec.com\/blog\/wp-json\/wp\/v2\/comments?post=3751"}],"version-history":[{"count":22,"href":"https:\/\/www.iscletec.com\/blog\/wp-json\/wp\/v2\/posts\/3751\/revisions"}],"predecessor-version":[{"id":3784,"href":"https:\/\/www.iscletec.com\/blog\/wp-json\/wp\/v2\/posts\/3751\/revisions\/3784"}],"wp:featuredmedia":[{"embeddable":true,"href":"https:\/\/www.iscletec.com\/blog\/wp-json\/wp\/v2\/media\/3780"}],"wp:attachment":[{"href":"https:\/\/www.iscletec.com\/blog\/wp-json\/wp\/v2\/media?parent=3751"}],"wp:term":[{"taxonomy":"category","embeddable":true,"href":"https:\/\/www.iscletec.com\/blog\/wp-json\/wp\/v2\/categories?post=3751"},{"taxonomy":"post_tag","embeddable":true,"href":"https:\/\/www.iscletec.com\/blog\/wp-json\/wp\/v2\/tags?post=3751"}],"curies":[{"name":"wp","href":"https:\/\/api.w.org\/{rel}","templated":true}]}}