{"id":3820,"date":"2024-06-27T08:56:25","date_gmt":"2024-06-27T07:56:25","guid":{"rendered":"https:\/\/www.iscletec.com\/blog\/?p=3820"},"modified":"2024-06-28T09:55:04","modified_gmt":"2024-06-28T08:55:04","slug":"rehabilitacio-casa-rural-maresme","status":"publish","type":"post","link":"https:\/\/www.iscletec.com\/blog\/rehabilitacio-casa-rural-maresme\/","title":{"rendered":"REHABILITACI\u00d3 CASA RURAL Maresme"},"content":{"rendered":"<p>Inaugurem l&#8217;estaci\u00f3 d&#8217;estiu presentant-vos aquest bonica Masia, situada a poca dist\u00e0ncia de la nostra f\u00e0brica, a la poblaci\u00f3 de Sant Iscle de Vallalta (Maresme).<\/p>\n<p>Tenim el plaer de treballar en un entorn \u00fanic, envoltat de boscos enmig de dos Parcs Naturals, el Corredor i el Montnegre. Una bella serralada prelitoral que delimita la costa del Maresme amb les poblacions de l&#8217;interior que formen la vall que ascendeix al Montseny.<\/p>\n<p>&nbsp;<\/p>\n<p><img loading=\"lazy\" decoding=\"async\" class=\"aligncenter size-full wp-image-3823\" src=\"https:\/\/www.iscletec.com\/blog\/wp-content\/uploads\/2024\/06\/MASIA3.jpg\" alt=\"\" width=\"1360\" height=\"907\" srcset=\"https:\/\/www.iscletec.com\/blog\/wp-content\/uploads\/2024\/06\/MASIA3.jpg 1360w, https:\/\/www.iscletec.com\/blog\/wp-content\/uploads\/2024\/06\/MASIA3-300x200.jpg 300w, https:\/\/www.iscletec.com\/blog\/wp-content\/uploads\/2024\/06\/MASIA3-768x512.jpg 768w, https:\/\/www.iscletec.com\/blog\/wp-content\/uploads\/2024\/06\/MASIA3-1024x683.jpg 1024w\" sizes=\"auto, (max-width: 1360px) 100vw, 1360px\" \/><\/p>\n<p>&nbsp;<\/p>\n<p>En aquest paratge \u00fanic, es troba aquesta masia catalana, que ha estat reconvertida en una agradable casa rural de la m\u00e0 d&#8217;una amable jove parella alemanya.<\/p>\n<p>&nbsp;<\/p>\n<p><img loading=\"lazy\" decoding=\"async\" class=\"aligncenter size-full wp-image-3824\" src=\"https:\/\/www.iscletec.com\/blog\/wp-content\/uploads\/2024\/06\/MASIA4.jpg\" alt=\"\" width=\"1360\" height=\"907\" srcset=\"https:\/\/www.iscletec.com\/blog\/wp-content\/uploads\/2024\/06\/MASIA4.jpg 1360w, https:\/\/www.iscletec.com\/blog\/wp-content\/uploads\/2024\/06\/MASIA4-300x200.jpg 300w, https:\/\/www.iscletec.com\/blog\/wp-content\/uploads\/2024\/06\/MASIA4-768x512.jpg 768w, https:\/\/www.iscletec.com\/blog\/wp-content\/uploads\/2024\/06\/MASIA4-1024x683.jpg 1024w\" sizes=\"auto, (max-width: 1360px) 100vw, 1360px\" \/><\/p>\n<p>&nbsp;<\/p>\n<p><strong>La Masia, amb la seva forma t\u00edpicament catalana, presentava una s\u00f2lida estructura constructiva, on hem col\u00b7laborat amb la rehabilitaci\u00f3 de les diferents finestres i portes, incloent-hi la porta d&#8217;entrada.<\/strong><\/p>\n<p>&nbsp;<\/p>\n<p><img loading=\"lazy\" decoding=\"async\" class=\"aligncenter size-full wp-image-3822\" src=\"https:\/\/www.iscletec.com\/blog\/wp-content\/uploads\/2024\/06\/MASIA2.jpg\" alt=\"\" width=\"1360\" height=\"907\" srcset=\"https:\/\/www.iscletec.com\/blog\/wp-content\/uploads\/2024\/06\/MASIA2.jpg 1360w, https:\/\/www.iscletec.com\/blog\/wp-content\/uploads\/2024\/06\/MASIA2-300x200.jpg 300w, https:\/\/www.iscletec.com\/blog\/wp-content\/uploads\/2024\/06\/MASIA2-768x512.jpg 768w, https:\/\/www.iscletec.com\/blog\/wp-content\/uploads\/2024\/06\/MASIA2-1024x683.jpg 1024w\" sizes=\"auto, (max-width: 1360px) 100vw, 1360px\" \/><\/p>\n<p>&nbsp;<\/p>\n<p><img loading=\"lazy\" decoding=\"async\" class=\"aligncenter size-full wp-image-3827\" src=\"https:\/\/www.iscletec.com\/blog\/wp-content\/uploads\/2024\/06\/MASIA-2fotos.jpg\" alt=\"\" width=\"3000\" height=\"1104\" srcset=\"https:\/\/www.iscletec.com\/blog\/wp-content\/uploads\/2024\/06\/MASIA-2fotos.jpg 3000w, https:\/\/www.iscletec.com\/blog\/wp-content\/uploads\/2024\/06\/MASIA-2fotos-300x110.jpg 300w, https:\/\/www.iscletec.com\/blog\/wp-content\/uploads\/2024\/06\/MASIA-2fotos-768x283.jpg 768w, https:\/\/www.iscletec.com\/blog\/wp-content\/uploads\/2024\/06\/MASIA-2fotos-1024x377.jpg 1024w\" sizes=\"auto, (max-width: 3000px) 100vw, 3000px\" \/><\/p>\n<p>&nbsp;<\/p>\n<p><img loading=\"lazy\" decoding=\"async\" class=\"aligncenter size-full wp-image-3821\" src=\"https:\/\/www.iscletec.com\/blog\/wp-content\/uploads\/2024\/06\/MASIA1.jpg\" alt=\"\" width=\"1360\" height=\"907\" srcset=\"https:\/\/www.iscletec.com\/blog\/wp-content\/uploads\/2024\/06\/MASIA1.jpg 1360w, https:\/\/www.iscletec.com\/blog\/wp-content\/uploads\/2024\/06\/MASIA1-300x200.jpg 300w, https:\/\/www.iscletec.com\/blog\/wp-content\/uploads\/2024\/06\/MASIA1-768x512.jpg 768w, https:\/\/www.iscletec.com\/blog\/wp-content\/uploads\/2024\/06\/MASIA1-1024x683.jpg 1024w\" sizes=\"auto, (max-width: 1360px) 100vw, 1360px\" \/><\/p>\n<p>&nbsp;<\/p>\n<p><strong>Iscletec78<\/strong><br \/>\n<strong>Pi tintat dos cares<\/strong><br \/>\nVidres baix emissius<br \/>\nMosquiteres integrades en el marc<br \/>\nPersianes alacantines<\/p>\n<p><a href=\"https:\/\/www.cancasas.cat\">Coneix la casa rural<\/a><\/p>","protected":false},"excerpt":{"rendered":"<p>Inaugurem l&#8217;estaci\u00f3 d&#8217;estiu presentant-vos aquest bonica Masia, situada a poca dist\u00e0ncia de la nostra f\u00e0brica, a la poblaci\u00f3 de Sant Iscle de Vallalta (Maresme). Tenim el plaer de treballar en un entorn \u00fanic, envoltat de boscos enmig de dos Parcs Naturals, el Corredor i el Montnegre. Una bella serralada prelitoral que delimita la costa del [&hellip;]<\/p>\n","protected":false},"author":1,"featured_media":3821,"comment_status":"open","ping_status":"open","sticky":false,"template":"","format":"standard","meta":{"_acf_changed":false,"footnotes":""},"categories":[4],"tags":[],"class_list":["post-3820","post","type-post","status-publish","format-standard","has-post-thumbnail","hentry","category-proyectos"],"acf":[],"_links":{"self":[{"href":"https:\/\/www.iscletec.com\/blog\/wp-json\/wp\/v2\/posts\/3820","targetHints":{"allow":["GET"]}}],"collection":[{"href":"https:\/\/www.iscletec.com\/blog\/wp-json\/wp\/v2\/posts"}],"about":[{"href":"https:\/\/www.iscletec.com\/blog\/wp-json\/wp\/v2\/types\/post"}],"author":[{"embeddable":true,"href":"https:\/\/www.iscletec.com\/blog\/wp-json\/wp\/v2\/users\/1"}],"replies":[{"embeddable":true,"href":"https:\/\/www.iscletec.com\/blog\/wp-json\/wp\/v2\/comments?post=3820"}],"version-history":[{"count":7,"href":"https:\/\/www.iscletec.com\/blog\/wp-json\/wp\/v2\/posts\/3820\/revisions"}],"predecessor-version":[{"id":3833,"href":"https:\/\/www.iscletec.com\/blog\/wp-json\/wp\/v2\/posts\/3820\/revisions\/3833"}],"wp:featuredmedia":[{"embeddable":true,"href":"https:\/\/www.iscletec.com\/blog\/wp-json\/wp\/v2\/media\/3821"}],"wp:attachment":[{"href":"https:\/\/www.iscletec.com\/blog\/wp-json\/wp\/v2\/media?parent=3820"}],"wp:term":[{"taxonomy":"category","embeddable":true,"href":"https:\/\/www.iscletec.com\/blog\/wp-json\/wp\/v2\/categories?post=3820"},{"taxonomy":"post_tag","embeddable":true,"href":"https:\/\/www.iscletec.com\/blog\/wp-json\/wp\/v2\/tags?post=3820"}],"curies":[{"name":"wp","href":"https:\/\/api.w.org\/{rel}","templated":true}]}}