{"id":4245,"date":"2024-12-10T12:58:47","date_gmt":"2024-12-10T11:58:47","guid":{"rendered":"https:\/\/www.iscletec.com\/blog\/?p=4245"},"modified":"2024-12-10T12:59:56","modified_gmt":"2024-12-10T11:59:56","slug":"ahora-es-el-momento-de-invertir-en-tu-hogar","status":"publish","type":"post","link":"https:\/\/www.iscletec.com\/blog\/ahora-es-el-momento-de-invertir-en-tu-hogar\/","title":{"rendered":"Ara \u00e9s el moment d&#8217;invertir a casa teva"},"content":{"rendered":"<p><img loading=\"lazy\" decoding=\"async\" class=\"aligncenter size-full wp-image-4247\" src=\"https:\/\/www.iscletec.com\/blog\/wp-content\/uploads\/2024\/12\/DSF1532-Enhanced-NR.jpg\" alt=\"\" width=\"4500\" height=\"3000\" srcset=\"https:\/\/www.iscletec.com\/blog\/wp-content\/uploads\/2024\/12\/DSF1532-Enhanced-NR.jpg 4500w, https:\/\/www.iscletec.com\/blog\/wp-content\/uploads\/2024\/12\/DSF1532-Enhanced-NR-300x200.jpg 300w, https:\/\/www.iscletec.com\/blog\/wp-content\/uploads\/2024\/12\/DSF1532-Enhanced-NR-768x512.jpg 768w, https:\/\/www.iscletec.com\/blog\/wp-content\/uploads\/2024\/12\/DSF1532-Enhanced-NR-1024x683.jpg 1024w\" sizes=\"auto, (max-width: 4500px) 100vw, 4500px\" \/><\/p>\n<p>Ens complau comunicar-vos que la Generalitat de Catalunya ha comunicat oficialment l&#8217;ampliaci\u00f3 de la subvenci\u00f3 energ\u00e8tica fins al desembre de 2025. Les bases continuen sent les mateixes, on el canvi de finestres \u00e9s el principal implicat.<\/p>\n<p><strong>La subvenci\u00f3 cobrir\u00e0 el 40% del cost del canvi de finestres amb una inversi\u00f3 m\u00ednima de 1.000 euros i un l\u00edmit de 3.000 euros.<\/strong><\/p>\n<p>Aquest pla inclou sis programes diferents, per\u00f2 el que regula els ajuts en mat\u00e8ria defici\u00e8ncia \u00e9s el quart programa, ja que \u00e9s el que es relaciona amb el canvi de finestres.<\/p>\n<p>Per obtenir aquestes subvencions, el canvi de finestres ha de contribuir totalment o parcialment a una d&#8217;aquestes tres condicions:<\/p>\n<ol>\n<li>Reducci\u00f3 de la demanda energ\u00e8tica anual global de la calefacci\u00f3 i la refrigeraci\u00f3 d&#8217;almenys el 7%.<\/li>\n<li>Reducci\u00f3 del consum d&#8217;energia prim\u00e0ria no renovable com a m\u00ednim d&#8217;un 30%.<\/li>\n<li>Modificaci\u00f3 o substituci\u00f3 d&#8217;elements constructius de l&#8217;envolupant t\u00e8rmica i de permeabilitat a l&#8217;aire que s&#8217;estableixen al document b\u00e0sic d&#8217;Estalvi d&#8217;energia del Codi t\u00e8cnic de l&#8217;edificaci\u00f3.<\/li>\n<\/ol>\n<p>&nbsp;<\/p>\n<hr \/>\n<p>&nbsp;<\/p>\n<h2>Preguntes Freq\u00fcents<\/h2>\n<h4><strong>1. Qui pot sol\u00b7licitar aquestes subvencions?<\/strong><\/h4>\n<p>Qualsevol persona f\u00edsica o jur\u00eddica que sigui propiet\u00e0ria d&#8217;un habitatge o local a Catalunya i que compleixi els requisits establerts per la convocat\u00f2ria de les subvencions.<\/p>\n<h4><strong>2. Quin tipus de finestres es poden instal\u00b7lar amb aquestes subvencions?<\/strong><\/h4>\n<p>Amb aquestes subvencions es poden instal\u00b7lar finestres que siguin m\u00e9s eficients energ\u00e8ticament, amb un valor de transmit\u00e0ncia t\u00e8rmica (U) igual o inferior a 1,3 W\/m\u00b2K.<\/p>\n<h4><strong>3. Quants diners es poden obtenir amb aquestes subvencions?<\/strong><\/h4>\n<p>Limport de la subvenci\u00f3 sol oscil\u00b7lar entre el 20% i el 40% del cost total de lobra, depenent de la convocat\u00f2ria i dels criteris de valoraci\u00f3.<\/p>\n<h4><strong>4. Com se sol\u00b7liciten aquestes subvencions?<\/strong><\/h4>\n<p>Shan de presentar les sol\u00b7licituds en el termini establert per la convocat\u00f2ria, juntament amb la documentaci\u00f3 requerida. \u00c9s important seguir totes les instruccions i complir els requisits establerts per poder optar a la subvenci\u00f3.<\/p>\n<h4><strong>5. Quin termini tinc per fer l&#8217;obra despr\u00e9s d&#8217;obtenir la subvenci\u00f3?<\/strong><\/h4>\n<p>Sestableix un termini m\u00e0xim de 6 mesos per realitzar lobra i justificar la despesa. \u00c9s important tenir en compte aquest termini abans de sol\u00b7licitar la subvenci\u00f3 i planificar lobra en conseq\u00fc\u00e8ncia.<\/p>\n<p>&nbsp;<\/p>\n<h4><a href=\"https:\/\/www.iscletec.com\/blog\/wp-content\/uploads\/2024\/12\/RESOLUCIO_TER_4279_2024-1.pdf\" target=\"_blank\" rel=\"noopener noreferrer\">Descarregar Resoluci\u00f3 TER\/4279\/2024-AG\u00c8NCIA DE L\u2019HABITATGE DE CATALUNYA \u2013 27\/11\/2024<\/a><\/h4>\n<p><\/p>","protected":false},"excerpt":{"rendered":"<p>Ens complau comunicar-vos que la Generalitat de Catalunya ha comunicat oficialment l&#8217;ampliaci\u00f3 de la subvenci\u00f3 energ\u00e8tica fins al desembre de 2025. Les bases continuen sent les mateixes, on el canvi de finestres \u00e9s el principal implicat. La subvenci\u00f3 cobrir\u00e0 el 40% del cost del canvi de finestres amb una inversi\u00f3 m\u00ednima de 1.000 euros i [&hellip;]<\/p>\n","protected":false},"author":1,"featured_media":4247,"comment_status":"open","ping_status":"open","sticky":false,"template":"","format":"standard","meta":{"_acf_changed":false,"footnotes":""},"categories":[1],"tags":[],"class_list":["post-4245","post","type-post","status-publish","format-standard","has-post-thumbnail","hentry","category-sin-categoria"],"acf":[],"_links":{"self":[{"href":"https:\/\/www.iscletec.com\/blog\/wp-json\/wp\/v2\/posts\/4245","targetHints":{"allow":["GET"]}}],"collection":[{"href":"https:\/\/www.iscletec.com\/blog\/wp-json\/wp\/v2\/posts"}],"about":[{"href":"https:\/\/www.iscletec.com\/blog\/wp-json\/wp\/v2\/types\/post"}],"author":[{"embeddable":true,"href":"https:\/\/www.iscletec.com\/blog\/wp-json\/wp\/v2\/users\/1"}],"replies":[{"embeddable":true,"href":"https:\/\/www.iscletec.com\/blog\/wp-json\/wp\/v2\/comments?post=4245"}],"version-history":[{"count":4,"href":"https:\/\/www.iscletec.com\/blog\/wp-json\/wp\/v2\/posts\/4245\/revisions"}],"predecessor-version":[{"id":4251,"href":"https:\/\/www.iscletec.com\/blog\/wp-json\/wp\/v2\/posts\/4245\/revisions\/4251"}],"wp:featuredmedia":[{"embeddable":true,"href":"https:\/\/www.iscletec.com\/blog\/wp-json\/wp\/v2\/media\/4247"}],"wp:attachment":[{"href":"https:\/\/www.iscletec.com\/blog\/wp-json\/wp\/v2\/media?parent=4245"}],"wp:term":[{"taxonomy":"category","embeddable":true,"href":"https:\/\/www.iscletec.com\/blog\/wp-json\/wp\/v2\/categories?post=4245"},{"taxonomy":"post_tag","embeddable":true,"href":"https:\/\/www.iscletec.com\/blog\/wp-json\/wp\/v2\/tags?post=4245"}],"curies":[{"name":"wp","href":"https:\/\/api.w.org\/{rel}","templated":true}]}}